{"id":29608,"date":"2025-05-12T20:36:17","date_gmt":"2025-05-12T20:36:17","guid":{"rendered":"https:\/\/haberbesiktas.tr\/?p=29608"},"modified":"2025-05-12T20:36:17","modified_gmt":"2025-05-12T20:36:17","slug":"basaksehir-trabzonsporu-konuk-edecek","status":"publish","type":"post","link":"https:\/\/haberbesiktas.tr\/?p=29608","title":{"rendered":"Ba\u015fak\u015fehir, Trabzonspor&#8217;u konuk edecek"},"content":{"rendered":"<div>Trendyol Muhte\u015fem Lig&#8217;in 28. haftas\u0131nda RAMS Ba\u015fak\u015fehir, cumartesi Trabzonspor&#8217;u a\u011f\u0131rlayacak.<\/p>\n<p> Ba\u015fak\u015fehir Fatih Terim Stad\u0131&#8217;ndaki m\u00fcsabaka, saat 20.30&#8217;da ba\u015flayacak. Kar\u015f\u0131la\u015fmay\u0131 hakem Mehmet T\u00fcrkmen y\u00f6netecek.<\/p>\n<p> Ligdeki 25 ma\u00e7ta 10 galibiyet, 6 beraberlik, 9 ma\u011flubiyet ya\u015fayan Ba\u015fak\u015fehir, haftaya 36 puanla 7. s\u0131rada girdi.<\/p>\n<p> Bu d\u00f6nem ini\u015fli \u00e7\u0131k\u0131\u015fl\u0131 performans sergileyen turuncu-lacivertli grup, deplasmanda \u015fimdi galibiyeti bulunmayan Trabzonspor&#8217;a \u00fcst\u00fcnl\u00fck kurarak Avrupa kupalar\u0131na kat\u0131lma yolunda hanesine 3 puan yazd\u0131rmay\u0131 hedefliyor.<\/p>\n<p> \u00dcst\u00fcn Lig&#8217;in geride kalan k\u0131sm\u0131ndaki m\u00fcsabakalar\u0131n 8&#8217;ini kazanan, 8&#8217;inde berabere kalan ve 9&#8217;undan yenilgiyle ayr\u0131lan Trabzonspor ise 32 puanla 11. basamakta yer ald\u0131.<\/p>\n<p> Bordo-mavili grup, teknik y\u00f6netici Fatih Tekke idaresinde \u00e7\u0131kaca\u011f\u0131 birinci ma\u00e7\u0131 kazanarak makus gidi\u015fe son vermeye \u00e7al\u0131\u015facak.<\/p>\n<p> RAMS Ba\u015fak\u015fehir&#8217;de sakatl\u0131klar\u0131 bulunan Onur Erg\u00fcn ile Festy Ebosele, gayrette forma giyemeyecek.<\/p>\n<p> D\u00f6nemin birinci yar\u0131s\u0131nda iki ekip ortas\u0131nda oynanan m\u00fcsabakada Trabzonspor, alan\u0131nda Ba\u015fak\u015fehir&#8217;i 1-0 ma\u011flup etti.<\/p>\n<\/div>\n<p><\/p>\n","protected":false},"excerpt":{"rendered":"<p>RAMS Ba\u015fak\u015fehir, S\u00fcper Lig&#8217;de cumartesi saat 20.30&#8217;da Trabzonspor&#8217;u a\u011f\u0131rlayacak.<\/p>\n","protected":false},"author":1,"featured_media":29609,"comment_status":"open","ping_status":"open","sticky":false,"template":"","format":"standard","meta":{"footnotes":""},"categories":[25],"tags":[301],"class_list":["post-29608","post","type-post","status-publish","format-standard","has-post-thumbnail","hentry","category-futbol","tag-basaksehir"],"_links":{"self":[{"href":"https:\/\/haberbesiktas.tr\/index.php?rest_route=\/wp\/v2\/posts\/29608","targetHints":{"allow":["GET"]}}],"collection":[{"href":"https:\/\/haberbesiktas.tr\/index.php?rest_route=\/wp\/v2\/posts"}],"about":[{"href":"https:\/\/haberbesiktas.tr\/index.php?rest_route=\/wp\/v2\/types\/post"}],"author":[{"embeddable":true,"href":"https:\/\/haberbesiktas.tr\/index.php?rest_route=\/wp\/v2\/users\/1"}],"replies":[{"embeddable":true,"href":"https:\/\/haberbesiktas.tr\/index.php?rest_route=%2Fwp%2Fv2%2Fcomments&post=29608"}],"version-history":[{"count":1,"href":"https:\/\/haberbesiktas.tr\/index.php?rest_route=\/wp\/v2\/posts\/29608\/revisions"}],"predecessor-version":[{"id":29610,"href":"https:\/\/haberbesiktas.tr\/index.php?rest_route=\/wp\/v2\/posts\/29608\/revisions\/29610"}],"wp:featuredmedia":[{"embeddable":true,"href":"https:\/\/haberbesiktas.tr\/index.php?rest_route=\/wp\/v2\/media\/29609"}],"wp:attachment":[{"href":"https:\/\/haberbesiktas.tr\/index.php?rest_route=%2Fwp%2Fv2%2Fmedia&parent=29608"}],"wp:term":[{"taxonomy":"category","embeddable":true,"href":"https:\/\/haberbesiktas.tr\/index.php?rest_route=%2Fwp%2Fv2%2Fcategories&post=29608"},{"taxonomy":"post_tag","embeddable":true,"href":"https:\/\/haberbesiktas.tr\/index.php?rest_route=%2Fwp%2Fv2%2Ftags&post=29608"}],"curies":[{"name":"wp","href":"https:\/\/api.w.org\/{rel}","templated":true}]}}