{"id":2963,"date":"2025-01-12T03:36:32","date_gmt":"2025-01-12T03:36:32","guid":{"rendered":"https:\/\/haberbesiktas.tr\/?p=2963"},"modified":"2025-01-12T03:36:32","modified_gmt":"2025-01-12T03:36:32","slug":"iste-alperen-sengun-all-star-siralamasi","status":"publish","type":"post","link":"https:\/\/haberbesiktas.tr\/?p=2963","title":{"rendered":"\u0130\u015fte Alperen \u015eeng\u00fcn All-Star s\u0131ralamas\u0131!"},"content":{"rendered":"<div>NBA All-Star oylamas\u0131nda ikinci sonu\u00e7lar a\u00e7\u0131kland\u0131.<\/p>\n<p> Houston Rockets formas\u0131 giyen Alperen \u015eeng\u00fcn, NBA All-Star oylamas\u0131nda Bat\u0131&#8217;da 6. s\u0131raya y\u00fckseldi.<\/p>\n<p> Temsilcimiz Alperen \u015eeng\u00fcn, 556 bin 515 oyla Bat\u0131 forvetlerinde 6. s\u0131rada yer al\u0131rken, Bat\u0131 Konferans\u0131&#8217;nda 11. s\u0131rada kendine yer buldu.<\/p>\n<p> <strong>\u0130\u015eTE O SIRALAMA<br \/><img decoding=\"async\" src=\"https:\/\/haberbesiktas.tr\/wp-content\/uploads\/2025\/01\/iste-alperen-sengun-all-star-siralamasi-0-DzdOEB63.jpg\"\/><br \/><\/strong><\/p>\n<\/div>\n","protected":false},"excerpt":{"rendered":"<p>Houston Rockets formas\u0131 giyen Alperen \u015eeng\u00fcn, NBA All-Star oylamas\u0131nda Bat\u0131&#8217;da 6. s\u0131raya y\u00fckseldi.<\/p>\n","protected":false},"author":1,"featured_media":2964,"comment_status":"open","ping_status":"open","sticky":false,"template":"","format":"standard","meta":{"footnotes":""},"categories":[10],"tags":[],"class_list":["post-2963","post","type-post","status-publish","format-standard","has-post-thumbnail","hentry","category-basketbol"],"_links":{"self":[{"href":"https:\/\/haberbesiktas.tr\/index.php?rest_route=\/wp\/v2\/posts\/2963","targetHints":{"allow":["GET"]}}],"collection":[{"href":"https:\/\/haberbesiktas.tr\/index.php?rest_route=\/wp\/v2\/posts"}],"about":[{"href":"https:\/\/haberbesiktas.tr\/index.php?rest_route=\/wp\/v2\/types\/post"}],"author":[{"embeddable":true,"href":"https:\/\/haberbesiktas.tr\/index.php?rest_route=\/wp\/v2\/users\/1"}],"replies":[{"embeddable":true,"href":"https:\/\/haberbesiktas.tr\/index.php?rest_route=%2Fwp%2Fv2%2Fcomments&post=2963"}],"version-history":[{"count":1,"href":"https:\/\/haberbesiktas.tr\/index.php?rest_route=\/wp\/v2\/posts\/2963\/revisions"}],"predecessor-version":[{"id":2966,"href":"https:\/\/haberbesiktas.tr\/index.php?rest_route=\/wp\/v2\/posts\/2963\/revisions\/2966"}],"wp:featuredmedia":[{"embeddable":true,"href":"https:\/\/haberbesiktas.tr\/index.php?rest_route=\/wp\/v2\/media\/2964"}],"wp:attachment":[{"href":"https:\/\/haberbesiktas.tr\/index.php?rest_route=%2Fwp%2Fv2%2Fmedia&parent=2963"}],"wp:term":[{"taxonomy":"category","embeddable":true,"href":"https:\/\/haberbesiktas.tr\/index.php?rest_route=%2Fwp%2Fv2%2Fcategories&post=2963"},{"taxonomy":"post_tag","embeddable":true,"href":"https:\/\/haberbesiktas.tr\/index.php?rest_route=%2Fwp%2Fv2%2Ftags&post=2963"}],"curies":[{"name":"wp","href":"https:\/\/api.w.org\/{rel}","templated":true}]}}