{"id":29661,"date":"2025-05-13T00:00:19","date_gmt":"2025-05-13T00:00:19","guid":{"rendered":"https:\/\/haberbesiktas.tr\/?p=29661"},"modified":"2025-05-13T00:00:19","modified_gmt":"2025-05-13T00:00:19","slug":"a-milli-takimimizin-kadrosu-aciklandi","status":"publish","type":"post","link":"https:\/\/haberbesiktas.tr\/?p=29661","title":{"rendered":"A Milli Tak\u0131m\u0131m\u0131z&#8217;\u0131n kadrosu a\u00e7\u0131kland\u0131"},"content":{"rendered":"<div>A Ulusal Ekibimizin UEFA Uluslar Ligi play-off cinsinde Macaristan ile 20 ve 23 Mart&#8217;ta oynayaca\u011f\u0131 m\u00fcsabakalar\u0131n aday tak\u0131m\u0131 a\u00e7\u0131kland\u0131.<\/p>\n<p> <strong>A Ulusal Kadro kadrosunda\u00a0 3 futbolcu birinci defa yer ald\u0131. \u00c7aykur Rizespor&#8217;dan Taha \u015eahin, Fenerbah\u00e7e&#8217;den Yusuf Ak\u00e7i\u00e7ek ve Be\u015fikta\u015f&#8217;\u0131n Rio Ave&#8217;ye kiralad\u0131\u011f\u0131 Demir Ege T\u0131knaz tak\u0131mda birinci defa yer ald\u0131.<br \/><\/strong><\/p>\n<p> 30 futbolcunun bulundu\u011fu A Ulusal Kadro aday tak\u0131m\u0131nda, Altay Bay\u0131nd\u0131r, \u00c7a\u011flar S\u00f6y\u00fcnc\u00fc, Do\u011fan Alemdar, Enes \u00dcnal, Ferdi Kad\u0131o\u011flu, Ozan Kabak, Yusuf Yaz\u0131c\u0131 ve Zeki \u00c7elik sakatl\u0131klar\u0131 sebebiyle yer almad\u0131.<\/p>\n<p> Savunma oyuncular\u0131 Yusuf Ak\u00e7i\u00e7ek ve Taha \u015eahin ile orta alanda vazife alan Demir Ege T\u0131knaz birinci kere A Ulusal Kadro&#8217;ya davet edilirken, Salih \u00d6zcan ve Can Uzun ise Eyl\u00fcl ay\u0131ndaki kamp\u0131n sonras\u0131nda yine tak\u0131ma \u00e7a\u011fr\u0131ld\u0131. 2024 Avrupa \u015eampiyonas\u0131 geni\u015f tak\u0131m\u0131nda bulunan O\u011fuz Ayd\u0131n da kadroya tekrar d\u00f6nerken, Emre Mor ise yakla\u015f\u0131k iki bu\u00e7uk y\u0131ll\u0131k bir ortan\u0131n akabinde yine A Ulusal Grup&#8217;ya davet edildi.<\/p>\n<table>\n<tbody>\n<tr>\n<td> <strong>Oyuncu<\/strong><\/p>\n<\/td>\n<td> <strong>Kul\u00fcp<\/strong><\/p>\n<\/td>\n<td> <strong>Do\u011fum Tarihi<\/strong><\/p>\n<\/td>\n<td> <strong>A Ulusall\u0131k Say\u0131s\u0131 \/ Gol<\/strong><\/p>\n<\/td>\n<td> <strong>\u0130lk A Millili\u011fi<\/strong><\/p>\n<\/td>\n<\/tr>\n<tr>\n<td> <strong>KALEC\u0130<\/strong><\/p>\n<\/td>\n<\/tr>\n<tr>\n<td> <span>Berke \u00d6zer<\/span><\/p>\n<\/td>\n<td> <span>ikas Ey\u00fcpspor<\/span><\/p>\n<\/td>\n<td> <span>25.05.2000<\/span><\/p>\n<\/td>\n<td> <span>&#8211;<\/span><\/p>\n<\/td>\n<td> <span>&#8211;<\/span><\/p>\n<\/td>\n<\/tr>\n<tr>\n<td> <span>Mert G\u00fcnok<\/span><\/p>\n<\/td>\n<td> <span>Be\u015fikta\u015f A.\u015e.<\/span><\/p>\n<\/td>\n<td> <span>01.03.1989<\/span><\/p>\n<\/td>\n<td> <span>37\/0<\/span><\/p>\n<\/td>\n<td> <span>24.05.2012<\/span><\/p>\n<\/td>\n<\/tr>\n<tr>\n<td> <span>Muhammed \u015eengezer<\/span><\/p>\n<\/td>\n<td> <span>RAMS Ba\u015fak\u015fehir FK<\/span><\/p>\n<\/td>\n<td> <span>05.01.1997<\/span><\/p>\n<\/td>\n<td> <span>&#8211;<\/span><\/p>\n<\/td>\n<td> <span>&#8211;<\/span><\/p>\n<\/td>\n<\/tr>\n<tr>\n<td> <span>U\u011furcan \u00c7ak\u0131r<\/span><\/p>\n<\/td>\n<td> <span>Trabzonspor A.\u015e.<\/span><\/p>\n<\/td>\n<td> <span>05.04.1996<\/span><\/p>\n<\/td>\n<td> <span>29\/0<\/span><\/p>\n<\/td>\n<td> <span>30.05.2019<\/span><\/p>\n<\/td>\n<\/tr>\n<tr>\n<td> <strong>DEFANS<\/strong><\/p>\n<\/td>\n<\/tr>\n<tr>\n<td> <span>Abd\u00fclkerim Bardakc\u0131<\/span><\/p>\n<\/td>\n<td> <span>Galatasaray A.\u015e.<\/span><\/p>\n<\/td>\n<td> <span>07.09.1994<\/span><\/p>\n<\/td>\n<td> <span>17\/1<\/span><\/p>\n<\/td>\n<td> <span>16.06.2023<\/span><\/p>\n<\/td>\n<\/tr>\n<tr>\n<td> <span>Emirhan Top\u00e7u<\/span><\/p>\n<\/td>\n<td> <span>Be\u015fikta\u015f A.\u015e.<\/span><\/p>\n<\/td>\n<td> <span>11.10.2000<\/span><\/p>\n<\/td>\n<td> <span>2\/0<\/span><\/p>\n<\/td>\n<td> <span>06.09.2024<\/span><\/p>\n<\/td>\n<\/tr>\n<tr>\n<td> <span>Eren Elmal\u0131<\/span><\/p>\n<\/td>\n<td> <span>Galatasaray A.\u015e.<\/span><\/p>\n<\/td>\n<td> <span>07.07.2000<\/span><\/p>\n<\/td>\n<td> <span>14\/0<\/span><\/p>\n<\/td>\n<td> <span>07.06.2022<\/span><\/p>\n<\/td>\n<\/tr>\n<tr>\n<td> <span>Kaan Ayhan<\/span><\/p>\n<\/td>\n<td> <span>Galatasaray A.\u015e.<\/span><\/p>\n<\/td>\n<td> <span>10.11.1994<\/span><\/p>\n<\/td>\n<td> <span>68\/5<\/span><\/p>\n<\/td>\n<td> <span>31.08.2016<\/span><\/p>\n<\/td>\n<\/tr>\n<tr>\n<td> <span>Merih Demiral<\/span><\/p>\n<\/td>\n<td> <span>Al-Ahli Saudi FC<\/span><\/p>\n<\/td>\n<td> <span>05.03.1998<\/span><\/p>\n<\/td>\n<td> <span>53\/4<\/span><\/p>\n<\/td>\n<td> <span>20.11.2018<\/span><\/p>\n<\/td>\n<\/tr>\n<tr>\n<td> <span>Mert M\u00fcld\u00fcr<\/span><\/p>\n<\/td>\n<td> <span>Fenerbah\u00e7e A.\u015e.<\/span><\/p>\n<\/td>\n<td> <span>03.04.1999<\/span><\/p>\n<\/td>\n<td> <span>33\/2<\/span><\/p>\n<\/td>\n<td> <span>11.10.2018<\/span><\/p>\n<\/td>\n<\/tr>\n<tr>\n<td> <span>Samet Akaydin<\/span><\/p>\n<\/td>\n<td> <span>\u00c7aykur Rizespor A.\u015e.<\/span><\/p>\n<\/td>\n<td> <span>13.03.1994<\/span><\/p>\n<\/td>\n<td> <span>12\/1<\/span><\/p>\n<\/td>\n<td> <span>19.11.2022<\/span><\/p>\n<\/td>\n<\/tr>\n<tr>\n<td> <span>Taha \u015eahin<\/span><\/p>\n<\/td>\n<td> <span>\u00c7aykur Rizespor A.\u015e.<\/span><\/p>\n<\/td>\n<td> <span>22.10.2000<\/span><\/p>\n<\/td>\n<td> <span>&#8211;<\/span><\/p>\n<\/td>\n<td> <span>&#8211;<\/span><\/p>\n<\/td>\n<\/tr>\n<tr>\n<td> <span>Yusuf Ak\u00e7i\u00e7ek<\/span><\/p>\n<\/td>\n<td> <span>Fenerbah\u00e7e A.\u015e.<\/span><\/p>\n<\/td>\n<td> <span>25.01.2006<\/span><\/p>\n<\/td>\n<td> <span>&#8211;<\/span><\/p>\n<\/td>\n<td> <span>&#8211;<\/span><\/p>\n<\/td>\n<\/tr>\n<tr>\n<td> <strong>ORTA SAHA<\/strong><\/p>\n<\/td>\n<\/tr>\n<tr>\n<td> <span>Atakan Karazor<\/span><\/p>\n<\/td>\n<td> <span>VfB Stuttgart<\/span><\/p>\n<\/td>\n<td> <span>13.10.1996<\/span><\/p>\n<\/td>\n<td> <span>&#8211;<\/span><\/p>\n<\/td>\n<td> <span>&#8211;<\/span><\/p>\n<\/td>\n<\/tr>\n<tr>\n<td> <span>Demir Ege T\u0131knaz<\/span><\/p>\n<\/td>\n<td> <span>Rio Ave FC<\/span><\/p>\n<\/td>\n<td> <span>17.08.2004<\/span><\/p>\n<\/td>\n<td> <span>&#8211;<\/span><\/p>\n<\/td>\n<td> <span>&#8211;<\/span><\/p>\n<\/td>\n<\/tr>\n<tr>\n<td> <span>Hakan \u00c7alhano\u011flu<\/span><\/p>\n<\/td>\n<td> <span>FC Internazionale Milano<\/span><\/p>\n<\/td>\n<td> <span>08.02.1994<\/span><\/p>\n<\/td>\n<td> <span>95\/20<\/span><\/p>\n<\/td>\n<td> <span>06.09.2013<\/span><\/p>\n<\/td>\n<\/tr>\n<tr>\n<td> <span>\u0130smail Y\u00fcksek<\/span><\/p>\n<\/td>\n<td> <span>Fenerbah\u00e7e A.\u015e.<\/span><\/p>\n<\/td>\n<td> <span>26.01.1999<\/span><\/p>\n<\/td>\n<td> <span>21\/1<\/span><\/p>\n<\/td>\n<td> <span>22.09.2022<\/span><\/p>\n<\/td>\n<\/tr>\n<tr>\n<td> <span>Orkun K\u00f6k\u00e7\u00fc<\/span><\/p>\n<\/td>\n<td> <span>SL Benfica<\/span><\/p>\n<\/td>\n<td> <span>29.12.2000<\/span><\/p>\n<\/td>\n<td> <span>38\/2<\/span><\/p>\n<\/td>\n<td> <span>06.09.2020<\/span><\/p>\n<\/td>\n<\/tr>\n<tr>\n<td> <span>Salih \u00d6zcan<\/span><\/p>\n<\/td>\n<td> <span>Borussia Dortmund<\/span><\/p>\n<\/td>\n<td> <span>11.01.1998<\/span><\/p>\n<\/td>\n<td> <span>22\/0<\/span><\/p>\n<\/td>\n<td> <span>29.03.2022<\/span><\/p>\n<\/td>\n<\/tr>\n<tr>\n<td> <strong>FORVET<\/strong><\/p>\n<\/td>\n<\/tr>\n<tr>\n<td> <span>Ahmed Kutucu<\/span><\/p>\n<\/td>\n<td> <span>Galatasaray A.\u015e.<\/span><\/p>\n<\/td>\n<td> <span>01.03.2000<\/span><\/p>\n<\/td>\n<td> <span>2\/0<\/span><\/p>\n<\/td>\n<td> <span>17.11.2019<\/span><\/p>\n<\/td>\n<\/tr>\n<tr>\n<td> <span>Arda G\u00fcler<\/span><\/p>\n<\/td>\n<td> <span>Real Madrid CF<\/span><\/p>\n<\/td>\n<td> <span>25.02.2005<\/span><\/p>\n<\/td>\n<td> <span>18\/3<\/span><\/p>\n<\/td>\n<td> <span>19.11.2022<\/span><\/p>\n<\/td>\n<\/tr>\n<tr>\n<td> <span>Bar\u0131\u015f Alper Y\u0131lmaz<\/span><\/p>\n<\/td>\n<td> <span>Galatasaray A.\u015e.<\/span><\/p>\n<\/td>\n<td> <span>23.05.2000<\/span><\/p>\n<\/td>\n<td> <span>24\/2<\/span><\/p>\n<\/td>\n<td> <span>13.11.2021<\/span><\/p>\n<\/td>\n<\/tr>\n<tr>\n<td> <span>Can Uzun<\/span><\/p>\n<\/td>\n<td> <span>Eintracht Frankfurt<\/span><\/p>\n<\/td>\n<td> <span>11.11.2005<\/span><\/p>\n<\/td>\n<td> <span>1\/0<\/span><\/p>\n<\/td>\n<td> <span>22.03.2024<\/span><\/p>\n<\/td>\n<\/tr>\n<tr>\n<td> <span>Deniz G\u00fcl<\/span><\/p>\n<\/td>\n<td> <span>FC Porto<\/span><\/p>\n<\/td>\n<td> <span>02.07.2004<\/span><\/p>\n<\/td>\n<td> <span>&#8211;<\/span><\/p>\n<\/td>\n<td> <span>&#8211;<\/span><\/p>\n<\/td>\n<\/tr>\n<tr>\n<td> <span>Emre Mor<\/span><\/p>\n<\/td>\n<td> <span>\u0130kas Ey\u00fcpspor<\/span><\/p>\n<\/td>\n<td> <span>24.07.1997<\/span><\/p>\n<\/td>\n<td> <span>15\/1<\/span><\/p>\n<\/td>\n<td> <span>29.05.2016<\/span><\/p>\n<\/td>\n<\/tr>\n<tr>\n<td> <span>\u0130rfan Can Kahveci<\/span><\/p>\n<\/td>\n<td> <span>Fenerbah\u00e7e A.\u015e.<\/span><\/p>\n<\/td>\n<td> <span>15.07.1995<\/span><\/p>\n<\/td>\n<td> <span>37\/4<\/span><\/p>\n<\/td>\n<td> <span>23.03.2018<\/span><\/p>\n<\/td>\n<\/tr>\n<tr>\n<td> <span>Kenan Y\u0131ld\u0131z<\/span><\/p>\n<\/td>\n<td> <span>Juventus<\/span><\/p>\n<\/td>\n<td> <span>04.05.2005<\/span><\/p>\n<\/td>\n<td> <span>17\/2<\/span><\/p>\n<\/td>\n<td> <span>12.10.2023<\/span><\/p>\n<\/td>\n<\/tr>\n<tr>\n<td> <span>Kerem Akt\u00fcrko\u011flu<\/span><\/p>\n<\/td>\n<td> <span>SL Benfica<\/span><\/p>\n<\/td>\n<td> <span>21.10.1998<\/span><\/p>\n<\/td>\n<td> <span>40\/10<\/span><\/p>\n<\/td>\n<td> <span>27.05.2021<\/span><\/p>\n<\/td>\n<\/tr>\n<tr>\n<td> <span>O\u011fuz Ayd\u0131n<\/span><\/p>\n<\/td>\n<td> <span>Fenerbah\u00e7e A.\u015e.<\/span><\/p>\n<\/td>\n<td> <span>27.10.2000<\/span><\/p>\n<\/td>\n<td> <span>1\/0<\/span><\/p>\n<\/td>\n<td> <span>04.06.2024<\/span><\/p>\n<\/td>\n<\/tr>\n<tr>\n<td> <span>Yunus Akg\u00fcn<\/span><\/p>\n<\/td>\n<td> <span>Galatasaray A.\u015e.<\/span><\/p>\n<\/td>\n<td> <span>07.07.2000<\/span><\/p>\n<\/td>\n<td> <span>14\/2<\/span><\/p>\n<\/td>\n<td> <span>04.06.2022<\/span><\/p>\n<\/td>\n<\/tr>\n<\/tbody>\n<\/table>\n<p> Aday tak\u0131mdaki futbolculardan Arda G\u00fcler ve Merih Demiral, 20 Mart&#8217;ta oynanacak T\u00fcrkiye &#8211; Macaristan m\u00fcsabakas\u0131nda sar\u0131 kart cezas\u0131 nedeniyle forma giyemeyecek. \u0130rfan Can Kahveci, Kerem Akt\u00fcrko\u011flu, Mert M\u00fcld\u00fcr ve Orkun K\u00f6k\u00e7\u00fc ise birinci ma\u00e7 \u00f6ncesinde ceza hududunda bulunuyor.<\/p>\n<p> A Ulusal Grup&#8217;ya davet edilen oyuncular, 17 Mart Pazartesi g\u00fcn\u00fc saat 12.00&#8217;de TFF&#8217;nin Riva&#8217;daki Hasan Do\u011fan Ulusal Gruplar Kamp ve E\u011fitim Tesisleri&#8217;nde toplanacak. Birinci \u00e7al\u0131\u015fmas\u0131n\u0131 da t\u0131pk\u0131 g\u00fcn saat 17.00&#8217;de yapacak Ay-Y\u0131ld\u0131zl\u0131lar, Macaristan m\u00fcsabakas\u0131n\u0131n haz\u0131rl\u0131klar\u0131n\u0131 hafta boyunca bu tesiste s\u00fcrd\u00fcrecek.<\/p>\n<p> Ali Sami Yen Spor Kompleksi Rams Park&#8217;\u0131n mesken sahipli\u011fi yapaca\u011f\u0131 T\u00fcrkiye &#8211; Macaristan kar\u015f\u0131la\u015fmas\u0131, 20 Mart Per\u015fembe g\u00fcn\u00fc saat 20.00&#8217;de ba\u015flayacak.<\/p>\n<p> Puskas Arena&#8217;da 23 Mart Pazar g\u00fcn\u00fc oynanacak Macaristan &#8211; T\u00fcrkiye m\u00fcsabakas\u0131 saat 20.00&#8242; ba\u015flayacak.<\/p>\n<p> <span><img decoding=\"async\" src=\"https:\/\/haberbesiktas.tr\/wp-content\/uploads\/2025\/05\/a-milli-takimimizin-kadrosu-aciklandi-0-Vhi4GjS5.jpg\"\/><br \/><\/span><\/div>\n<p><\/p>\n","protected":false},"excerpt":{"rendered":"<p>A Ulusal Tak\u0131m\u0131m\u0131z&#8217;\u0131n Macaristan ile oynayaca\u011f\u0131 ma\u00e7lar\u0131n tak\u0131m\u0131 a\u00e7\u0131kland\u0131.<\/p>\n","protected":false},"author":1,"featured_media":29662,"comment_status":"open","ping_status":"open","sticky":false,"template":"","format":"standard","meta":{"footnotes":""},"categories":[25],"tags":[275,2526,107,2206,52],"class_list":["post-29661","post","type-post","status-publish","format-standard","has-post-thumbnail","hentry","category-futbol","tag-demir","tag-galatasaray-a-s","tag-gun","tag-mart","tag-takim"],"_links":{"self":[{"href":"https:\/\/haberbesiktas.tr\/index.php?rest_route=\/wp\/v2\/posts\/29661","targetHints":{"allow":["GET"]}}],"collection":[{"href":"https:\/\/haberbesiktas.tr\/index.php?rest_route=\/wp\/v2\/posts"}],"about":[{"href":"https:\/\/haberbesiktas.tr\/index.php?rest_route=\/wp\/v2\/types\/post"}],"author":[{"embeddable":true,"href":"https:\/\/haberbesiktas.tr\/index.php?rest_route=\/wp\/v2\/users\/1"}],"replies":[{"embeddable":true,"href":"https:\/\/haberbesiktas.tr\/index.php?rest_route=%2Fwp%2Fv2%2Fcomments&post=29661"}],"version-history":[{"count":1,"href":"https:\/\/haberbesiktas.tr\/index.php?rest_route=\/wp\/v2\/posts\/29661\/revisions"}],"predecessor-version":[{"id":29664,"href":"https:\/\/haberbesiktas.tr\/index.php?rest_route=\/wp\/v2\/posts\/29661\/revisions\/29664"}],"wp:featuredmedia":[{"embeddable":true,"href":"https:\/\/haberbesiktas.tr\/index.php?rest_route=\/wp\/v2\/media\/29662"}],"wp:attachment":[{"href":"https:\/\/haberbesiktas.tr\/index.php?rest_route=%2Fwp%2Fv2%2Fmedia&parent=29661"}],"wp:term":[{"taxonomy":"category","embeddable":true,"href":"https:\/\/haberbesiktas.tr\/index.php?rest_route=%2Fwp%2Fv2%2Fcategories&post=29661"},{"taxonomy":"post_tag","embeddable":true,"href":"https:\/\/haberbesiktas.tr\/index.php?rest_route=%2Fwp%2Fv2%2Ftags&post=29661"}],"curies":[{"name":"wp","href":"https:\/\/api.w.org\/{rel}","templated":true}]}}