{"id":2967,"date":"2025-01-12T04:00:35","date_gmt":"2025-01-12T04:00:35","guid":{"rendered":"https:\/\/haberbesiktas.tr\/?p=2967"},"modified":"2025-01-12T04:00:35","modified_gmt":"2025-01-12T04:00:35","slug":"fenerbahceden-allan-saint-maximin-karari","status":"publish","type":"post","link":"https:\/\/haberbesiktas.tr\/?p=2967","title":{"rendered":"Fenerbah\u00e7e&#8217;den Allan Saint-Maximin karar\u0131"},"content":{"rendered":"<div>Fenerbah\u00e7e, Allan Saint-Maximin&#8217;in kiral\u0131k kontrat\u0131n\u0131 feshetmeyecek.<\/p>\n<p> Suudi Arabistan bas\u0131n\u0131nda yer alan haberlere nazaran; Al-Ahli, kiral\u0131k kontrat\u0131n\u0131n feshedilece\u011fine dair haberlerin \u00e7\u0131kmas\u0131 \u00fczerine Fenerbah\u00e7e ile temasa ge\u00e7ti. Kiral\u0131k kontrat\u0131 feshedilse bile Frans\u0131z oyuncunun maa\u015f\u0131n\u0131 \u00f6deyemeyeceklerini ve Fenerbah\u00e7e&#8217;nin bu d\u00f6nem i\u00e7in kalan maa\u015f\u0131 \u00f6demesi gerekti\u011fini iletti.<\/p>\n<p> Fenerbah\u00e7e ise Maximin&#8217;in kiral\u0131k kontrat\u0131n\u0131 feshetmeyi d\u00fc\u015f\u00fcnmedi\u011fini ve d\u00f6nem sonuna kadar kontrat\u0131n devam edece\u011fi bilgisini verdi.<\/p>\n<p> Saint-Maximin, bu d\u00f6nem Fenerbah\u00e7e formas\u0131yla 15&#8217;i lig toplam 22 ma\u00e7ta 3 gol at\u0131p 4 asist yapt\u0131.<\/p>\n<div>\u00a0<\/div>\n<\/div>\n","protected":false},"excerpt":{"rendered":"<p>Fenerbah\u00e7e, kadrodan ayr\u0131laca\u011f\u0131 istikametindeki haberlere kar\u015f\u0131n Allan Saint-Maximin&#8217;i tak\u0131m\u0131nda tutacak.<\/p>\n","protected":false},"author":1,"featured_media":2968,"comment_status":"open","ping_status":"open","sticky":false,"template":"","format":"standard","meta":{"footnotes":""},"categories":[25],"tags":[115],"class_list":["post-2967","post","type-post","status-publish","format-standard","has-post-thumbnail","hentry","category-futbol","tag-fenerbahce"],"_links":{"self":[{"href":"https:\/\/haberbesiktas.tr\/index.php?rest_route=\/wp\/v2\/posts\/2967","targetHints":{"allow":["GET"]}}],"collection":[{"href":"https:\/\/haberbesiktas.tr\/index.php?rest_route=\/wp\/v2\/posts"}],"about":[{"href":"https:\/\/haberbesiktas.tr\/index.php?rest_route=\/wp\/v2\/types\/post"}],"author":[{"embeddable":true,"href":"https:\/\/haberbesiktas.tr\/index.php?rest_route=\/wp\/v2\/users\/1"}],"replies":[{"embeddable":true,"href":"https:\/\/haberbesiktas.tr\/index.php?rest_route=%2Fwp%2Fv2%2Fcomments&post=2967"}],"version-history":[{"count":1,"href":"https:\/\/haberbesiktas.tr\/index.php?rest_route=\/wp\/v2\/posts\/2967\/revisions"}],"predecessor-version":[{"id":2969,"href":"https:\/\/haberbesiktas.tr\/index.php?rest_route=\/wp\/v2\/posts\/2967\/revisions\/2969"}],"wp:featuredmedia":[{"embeddable":true,"href":"https:\/\/haberbesiktas.tr\/index.php?rest_route=\/wp\/v2\/media\/2968"}],"wp:attachment":[{"href":"https:\/\/haberbesiktas.tr\/index.php?rest_route=%2Fwp%2Fv2%2Fmedia&parent=2967"}],"wp:term":[{"taxonomy":"category","embeddable":true,"href":"https:\/\/haberbesiktas.tr\/index.php?rest_route=%2Fwp%2Fv2%2Fcategories&post=2967"},{"taxonomy":"post_tag","embeddable":true,"href":"https:\/\/haberbesiktas.tr\/index.php?rest_route=%2Fwp%2Fv2%2Ftags&post=2967"}],"curies":[{"name":"wp","href":"https:\/\/api.w.org\/{rel}","templated":true}]}}