{"id":29749,"date":"2025-05-13T05:48:14","date_gmt":"2025-05-13T05:48:14","guid":{"rendered":"https:\/\/haberbesiktas.tr\/?p=29749"},"modified":"2025-05-13T05:48:14","modified_gmt":"2025-05-13T05:48:14","slug":"rashford-inanmaktan-vazgecmeyin","status":"publish","type":"post","link":"https:\/\/haberbesiktas.tr\/?p=29749","title":{"rendered":"Rashford: &#8220;\u0130nanmaktan vazge\u00e7meyin&#8221;"},"content":{"rendered":"<div>\u0130ngiltere Ulusal Grubu&#8217;nun D\u00fcnya Kupas\u0131 Elemeleri&#8217;nde Arnavutluk ve Letonya ile oynayaca\u011f\u0131 ma\u00e7lar\u0131n aday tak\u0131m\u0131 a\u00e7\u0131kland\u0131.<\/p>\n<p> Aday tak\u0131mda Aston Villa performans\u0131yla dikkat \u00e7eken Marcus Rashford da yer ald\u0131. Manchester United&#8217;da teknik y\u00f6netici Ruben Amorim ile sorun ya\u015famas\u0131n\u0131n akabinde devre ortas\u0131 transfer periyodunda Aston Villa&#8217;ya kiralanan Rashford, bir y\u0131ll\u0131k ortan\u0131n akabinde ulusal kadroya geri d\u00f6nd\u00fc.<\/p>\n<p> Aday tak\u0131ma davet almas\u0131n\u0131n akabinde bir payla\u015f\u0131mda bulunan \u0130ngiliz futbolcu,<strong> &#8220;\u0130nanmaktan asla vazge\u00e7meyin. Tekrar ba\u015flamak i\u00e7in sab\u0131rs\u0131zlan\u0131yorum.&#8221;<\/strong> s\u00f6zlerini yazd\u0131.<\/p>\n<p> Aston Villa&#8217;da 9 ma\u00e7ta m\u00fcddet bulan Rashford, 4 asist yapt\u0131.<\/p>\n<\/div>\n<p><\/p>\n","protected":false},"excerpt":{"rendered":"<p>Aston Villa formas\u0131 giyen Marcus Rashford, bir y\u0131ll\u0131k ortan\u0131n akabinde \u0130ngiltere Ulusal Kadrosu&#8217;na geri d\u00f6nd\u00fc. Rashford, bu karar sonras\u0131 bir payla\u015f\u0131mda bulundu.<\/p>\n","protected":false},"author":1,"featured_media":29750,"comment_status":"open","ping_status":"open","sticky":false,"template":"","format":"standard","meta":{"footnotes":""},"categories":[25],"tags":[],"class_list":["post-29749","post","type-post","status-publish","format-standard","has-post-thumbnail","hentry","category-futbol"],"_links":{"self":[{"href":"https:\/\/haberbesiktas.tr\/index.php?rest_route=\/wp\/v2\/posts\/29749","targetHints":{"allow":["GET"]}}],"collection":[{"href":"https:\/\/haberbesiktas.tr\/index.php?rest_route=\/wp\/v2\/posts"}],"about":[{"href":"https:\/\/haberbesiktas.tr\/index.php?rest_route=\/wp\/v2\/types\/post"}],"author":[{"embeddable":true,"href":"https:\/\/haberbesiktas.tr\/index.php?rest_route=\/wp\/v2\/users\/1"}],"replies":[{"embeddable":true,"href":"https:\/\/haberbesiktas.tr\/index.php?rest_route=%2Fwp%2Fv2%2Fcomments&post=29749"}],"version-history":[{"count":1,"href":"https:\/\/haberbesiktas.tr\/index.php?rest_route=\/wp\/v2\/posts\/29749\/revisions"}],"predecessor-version":[{"id":29751,"href":"https:\/\/haberbesiktas.tr\/index.php?rest_route=\/wp\/v2\/posts\/29749\/revisions\/29751"}],"wp:featuredmedia":[{"embeddable":true,"href":"https:\/\/haberbesiktas.tr\/index.php?rest_route=\/wp\/v2\/media\/29750"}],"wp:attachment":[{"href":"https:\/\/haberbesiktas.tr\/index.php?rest_route=%2Fwp%2Fv2%2Fmedia&parent=29749"}],"wp:term":[{"taxonomy":"category","embeddable":true,"href":"https:\/\/haberbesiktas.tr\/index.php?rest_route=%2Fwp%2Fv2%2Fcategories&post=29749"},{"taxonomy":"post_tag","embeddable":true,"href":"https:\/\/haberbesiktas.tr\/index.php?rest_route=%2Fwp%2Fv2%2Ftags&post=29749"}],"curies":[{"name":"wp","href":"https:\/\/api.w.org\/{rel}","templated":true}]}}