{"id":2976,"date":"2025-01-12T05:00:34","date_gmt":"2025-01-12T05:00:34","guid":{"rendered":"https:\/\/haberbesiktas.tr\/?p=2976"},"modified":"2025-01-12T05:00:34","modified_gmt":"2025-01-12T05:00:34","slug":"attila-szalaiye-surpriz-talip","status":"publish","type":"post","link":"https:\/\/haberbesiktas.tr\/?p=2976","title":{"rendered":"Attila Szalai&#8217;ye s\u00fcrpriz talip!"},"content":{"rendered":"<div>Hoffenheim&#8217;\u0131n Fenerbah\u00e7e&#8217;den tak\u0131m\u0131na katt\u0131\u011f\u0131 Attila Szalai&#8217;ye s\u00fcrpriz bir talip \u00e7\u0131kt\u0131.<\/p>\n<p> Sky DE&#8217;de yer alan habere nazaran; Standard Liege, Hoffenheim&#8217;\u0131n tak\u0131mda d\u00fc\u015f\u00fcnmedi\u011fi Attila Szalai&#8217;yi transfer etmek istiyor.<\/p>\n<p> Haberde Bel\u00e7ika grubunun Macar stoperi kiralamak i\u00e7in teklif yapt\u0131\u011f\u0131 belirtildi.<\/p>\n<p> Hoffenheim&#8217;\u0131n birebir durumda birden fazla oyuncusu oldu\u011fu i\u00e7in ayr\u0131l\u0131\u011fa s\u0131cak bakt\u0131\u011f\u0131 belirtildi.<\/p>\n<p> Fenerbah\u00e7e&#8217;den 12.3 milyon euroya transfer edilen Szalai, ge\u00e7en d\u00f6nemi da Freiburg&#8217;da kiral\u0131k ge\u00e7irmi\u015fti. Macar stoper bu d\u00f6nem m\u00fcddet alamad\u0131.<\/p>\n<\/div>\n","protected":false},"excerpt":{"rendered":"<p>Standard Liege, Hoffenheim&#8217;\u0131n tak\u0131mda d\u00fc\u015f\u00fcnmedi\u011fi Attila Szalai&#8217;yi kiralamak i\u00e7in teklif yapt\u0131.<\/p>\n","protected":false},"author":1,"featured_media":2977,"comment_status":"open","ping_status":"open","sticky":false,"template":"","format":"standard","meta":{"footnotes":""},"categories":[25],"tags":[],"class_list":["post-2976","post","type-post","status-publish","format-standard","has-post-thumbnail","hentry","category-futbol"],"_links":{"self":[{"href":"https:\/\/haberbesiktas.tr\/index.php?rest_route=\/wp\/v2\/posts\/2976","targetHints":{"allow":["GET"]}}],"collection":[{"href":"https:\/\/haberbesiktas.tr\/index.php?rest_route=\/wp\/v2\/posts"}],"about":[{"href":"https:\/\/haberbesiktas.tr\/index.php?rest_route=\/wp\/v2\/types\/post"}],"author":[{"embeddable":true,"href":"https:\/\/haberbesiktas.tr\/index.php?rest_route=\/wp\/v2\/users\/1"}],"replies":[{"embeddable":true,"href":"https:\/\/haberbesiktas.tr\/index.php?rest_route=%2Fwp%2Fv2%2Fcomments&post=2976"}],"version-history":[{"count":1,"href":"https:\/\/haberbesiktas.tr\/index.php?rest_route=\/wp\/v2\/posts\/2976\/revisions"}],"predecessor-version":[{"id":2978,"href":"https:\/\/haberbesiktas.tr\/index.php?rest_route=\/wp\/v2\/posts\/2976\/revisions\/2978"}],"wp:featuredmedia":[{"embeddable":true,"href":"https:\/\/haberbesiktas.tr\/index.php?rest_route=\/wp\/v2\/media\/2977"}],"wp:attachment":[{"href":"https:\/\/haberbesiktas.tr\/index.php?rest_route=%2Fwp%2Fv2%2Fmedia&parent=2976"}],"wp:term":[{"taxonomy":"category","embeddable":true,"href":"https:\/\/haberbesiktas.tr\/index.php?rest_route=%2Fwp%2Fv2%2Fcategories&post=2976"},{"taxonomy":"post_tag","embeddable":true,"href":"https:\/\/haberbesiktas.tr\/index.php?rest_route=%2Fwp%2Fv2%2Ftags&post=2976"}],"curies":[{"name":"wp","href":"https:\/\/api.w.org\/{rel}","templated":true}]}}