{"id":29768,"date":"2025-05-13T07:00:23","date_gmt":"2025-05-13T07:00:23","guid":{"rendered":"https:\/\/haberbesiktas.tr\/?p=29768"},"modified":"2025-05-13T07:00:23","modified_gmt":"2025-05-13T07:00:23","slug":"hakan-keles-cok-fazla-soylenecek-bir-sey-yok","status":"publish","type":"post","link":"https:\/\/haberbesiktas.tr\/?p=29768","title":{"rendered":"Hakan Kele\u015f: &#8220;\u00c7ok fazla s\u00f6ylenecek bir \u015fey yok&#8221;"},"content":{"rendered":"<div>\n<p>Adanaspor Teknik Y\u00f6neticisi Hakan Kele\u015f, Band\u0131rmaspor ma\u00e7\u0131n\u0131n akabinde a\u00e7\u0131klamalarda bulundu.<\/p>\n<p> Adanaspor Teknik Y\u00f6neticisi Hakan Kele\u015f ise yenilgi nedeniyle \u00fczg\u00fcn olduklar\u0131n\u0131 belirtti.<\/p>\n<p> Rakibin eksik kalmas\u0131na kar\u015f\u0131n istedikleri oyunu oynayamad\u0131klar\u0131n\u0131 aktaran Kele\u015f, <strong>&#8220;M\u00fccadelesiz, isteksiz, berbat bir oyun vard\u0131. Ma\u00e7la alakal\u0131 \u00e7ok fazla s\u00f6ylenecek bir \u015fey yok, \u00fczg\u00fcn\u00fcz. Band\u0131rmaspor&#8217;a da bundan sonraki ma\u00e7lar\u0131nda muvaffakiyetler diliyorum.&#8221;<\/strong> tabirlerini kulland\u0131.<\/p>\n<\/div>\n<p><\/p>\n","protected":false},"excerpt":{"rendered":"<p>Adanaspor Teknik Y\u00f6neticisi Hakan Kele\u015f, Band\u0131rmaspor ma\u00e7\u0131n\u0131n akabinde konu\u015ftu.<\/p>\n","protected":false},"author":1,"featured_media":29769,"comment_status":"open","ping_status":"open","sticky":false,"template":"","format":"standard","meta":{"footnotes":""},"categories":[25],"tags":[],"class_list":["post-29768","post","type-post","status-publish","format-standard","has-post-thumbnail","hentry","category-futbol"],"_links":{"self":[{"href":"https:\/\/haberbesiktas.tr\/index.php?rest_route=\/wp\/v2\/posts\/29768","targetHints":{"allow":["GET"]}}],"collection":[{"href":"https:\/\/haberbesiktas.tr\/index.php?rest_route=\/wp\/v2\/posts"}],"about":[{"href":"https:\/\/haberbesiktas.tr\/index.php?rest_route=\/wp\/v2\/types\/post"}],"author":[{"embeddable":true,"href":"https:\/\/haberbesiktas.tr\/index.php?rest_route=\/wp\/v2\/users\/1"}],"replies":[{"embeddable":true,"href":"https:\/\/haberbesiktas.tr\/index.php?rest_route=%2Fwp%2Fv2%2Fcomments&post=29768"}],"version-history":[{"count":1,"href":"https:\/\/haberbesiktas.tr\/index.php?rest_route=\/wp\/v2\/posts\/29768\/revisions"}],"predecessor-version":[{"id":29770,"href":"https:\/\/haberbesiktas.tr\/index.php?rest_route=\/wp\/v2\/posts\/29768\/revisions\/29770"}],"wp:featuredmedia":[{"embeddable":true,"href":"https:\/\/haberbesiktas.tr\/index.php?rest_route=\/wp\/v2\/media\/29769"}],"wp:attachment":[{"href":"https:\/\/haberbesiktas.tr\/index.php?rest_route=%2Fwp%2Fv2%2Fmedia&parent=29768"}],"wp:term":[{"taxonomy":"category","embeddable":true,"href":"https:\/\/haberbesiktas.tr\/index.php?rest_route=%2Fwp%2Fv2%2Fcategories&post=29768"},{"taxonomy":"post_tag","embeddable":true,"href":"https:\/\/haberbesiktas.tr\/index.php?rest_route=%2Fwp%2Fv2%2Ftags&post=29768"}],"curies":[{"name":"wp","href":"https:\/\/api.w.org\/{rel}","templated":true}]}}