{"id":29785,"date":"2025-05-13T08:00:17","date_gmt":"2025-05-13T08:00:17","guid":{"rendered":"https:\/\/haberbesiktas.tr\/?p=29785"},"modified":"2025-05-13T08:00:17","modified_gmt":"2025-05-13T08:00:17","slug":"iste-umit-milli-takim-kadrosu","status":"publish","type":"post","link":"https:\/\/haberbesiktas.tr\/?p=29785","title":{"rendered":"\u0130\u015fte \u00dcmit Milli Tak\u0131m kadrosu"},"content":{"rendered":"<div>\u00dcmit Ulusal Futbol Ekibi&#8217;nin Kosova ve Belarus ile T\u00fcrkiye&#8217;de yapaca\u011f\u0131 haz\u0131rl\u0131k ma\u00e7lar\u0131n\u0131n aday tak\u0131m\u0131 a\u00e7\u0131kland\u0131.<\/p>\n<p> T\u00fcrkiye Futbol Federasyonundan yap\u0131lan a\u00e7\u0131klamaya nazaran aday tak\u0131ma davet edilen oyuncular, 17 Mart Pazartesi g\u00fcn\u00fc saat 13.00&#8217;te \u0130stanbul&#8217;da Gen\u00e7lik ve Spor Bakanl\u0131\u011f\u0131 Riva Milli Tak\u0131mlar Oteli&#8217;nde toplanacak.<\/p>\n<p> Ulusallar, eyl\u00fcl ay\u0131nda ba\u015flayacak 2027 UEFA 21 Ya\u015f Alt\u0131 Avrupa \u015eampiyonas\u0131 Elemeleri&#8217;nin haz\u0131rl\u0131klar\u0131 kapsam\u0131nda 21 Mart Cuma g\u00fcn\u00fc evvel Alanya&#8217;da Kosova&#8217;y\u0131, daha sonra 25 Mart Sal\u0131 g\u00fcn\u00fc ise Pendik&#8217;te Belarus&#8217;u konuk edecek.<\/p>\n<p> Teknik y\u00f6netici G\u00f6khan G\u00f6n\u00fcl idaresindeki ay-y\u0131ld\u0131zl\u0131 ekibin aday tak\u0131m\u0131na \u015fu oyuncular davet edildi:<\/p>\n<p> <strong>Kaleci:<\/strong> Emre Al\u0131m (Solwie Energy Fatih Karag\u00fcmr\u00fck), Deniz Dilmen (RAMS Ba\u015fak\u015fehir), Jankat Y\u0131lmaz (Galatasaray)<\/p>\n<p> <strong>Defans:<\/strong> Ayberk Karapo (\u00c7aykur Rizespor), Furkan Demir (TSV Hartberg), Ali Turap B\u00fclb\u00fcl (Central Hospital \u00dcmraniyespor), Baran Mo\u011fultay (Borussia Dortmund II), Berkay Y\u0131lmaz (N\u00fcrnberg), Yasin \u00d6zcan (Kas\u0131mpa\u015fa), Ali \u015eahin Y\u0131lmaz (Trabzonspor), Buyruk Ortakaya (Beerschot), Yi\u011fit Efe Demir (Solwie Energy Fatih Karag\u00fcmr\u00fck)<\/p>\n<p> <strong>Orta saha:<\/strong> Yunus Emre Konak (Brentford), Ey\u00fcp Ayd\u0131n (Galatasaray), \u0130sak Vural (Frosinone), \u0130zzet \u00c7elik (Adana Demirspor), Buyruk Bars (Jong PSV), Livan Burcu (Magdeburg), Ba\u015far \u00d6nal (NEC Nijmegen), Sami Sat\u0131lm\u0131\u015f (Alt\u0131nordu), Emirhan Demircan (Bayern M\u00fcnih II), Ege Bilsel (Sipay Bodrum FK)<\/p>\n<p> <strong>Forvet:<\/strong> Semih K\u0131l\u0131\u00e7soy (Be\u015fikta\u015f), Mustafa Hekimo\u011flu (Be\u015fikta\u015f), Poyraz Efe Y\u0131ld\u0131r\u0131m (Central Hospital \u00dcmraniyespor)<\/p>\n<\/div>\n<p><\/p>\n","protected":false},"excerpt":{"rendered":"<p>\u00dcmit Ulusal Futbol Kadrosu&#8217;nun aday tak\u0131m\u0131 a\u00e7\u0131kland\u0131.<\/p>\n","protected":false},"author":1,"featured_media":29786,"comment_status":"open","ping_status":"open","sticky":false,"template":"","format":"standard","meta":{"footnotes":""},"categories":[25],"tags":[],"class_list":["post-29785","post","type-post","status-publish","format-standard","has-post-thumbnail","hentry","category-futbol"],"_links":{"self":[{"href":"https:\/\/haberbesiktas.tr\/index.php?rest_route=\/wp\/v2\/posts\/29785","targetHints":{"allow":["GET"]}}],"collection":[{"href":"https:\/\/haberbesiktas.tr\/index.php?rest_route=\/wp\/v2\/posts"}],"about":[{"href":"https:\/\/haberbesiktas.tr\/index.php?rest_route=\/wp\/v2\/types\/post"}],"author":[{"embeddable":true,"href":"https:\/\/haberbesiktas.tr\/index.php?rest_route=\/wp\/v2\/users\/1"}],"replies":[{"embeddable":true,"href":"https:\/\/haberbesiktas.tr\/index.php?rest_route=%2Fwp%2Fv2%2Fcomments&post=29785"}],"version-history":[{"count":1,"href":"https:\/\/haberbesiktas.tr\/index.php?rest_route=\/wp\/v2\/posts\/29785\/revisions"}],"predecessor-version":[{"id":29787,"href":"https:\/\/haberbesiktas.tr\/index.php?rest_route=\/wp\/v2\/posts\/29785\/revisions\/29787"}],"wp:featuredmedia":[{"embeddable":true,"href":"https:\/\/haberbesiktas.tr\/index.php?rest_route=\/wp\/v2\/media\/29786"}],"wp:attachment":[{"href":"https:\/\/haberbesiktas.tr\/index.php?rest_route=%2Fwp%2Fv2%2Fmedia&parent=29785"}],"wp:term":[{"taxonomy":"category","embeddable":true,"href":"https:\/\/haberbesiktas.tr\/index.php?rest_route=%2Fwp%2Fv2%2Fcategories&post=29785"},{"taxonomy":"post_tag","embeddable":true,"href":"https:\/\/haberbesiktas.tr\/index.php?rest_route=%2Fwp%2Fv2%2Ftags&post=29785"}],"curies":[{"name":"wp","href":"https:\/\/api.w.org\/{rel}","templated":true}]}}