{"id":29788,"date":"2025-05-13T08:12:16","date_gmt":"2025-05-13T08:12:16","guid":{"rendered":"https:\/\/haberbesiktas.tr\/?p=29788"},"modified":"2025-05-13T08:12:16","modified_gmt":"2025-05-13T08:12:16","slug":"u20-milli-takim-kadrosu-aciklandi","status":"publish","type":"post","link":"https:\/\/haberbesiktas.tr\/?p=29788","title":{"rendered":"U20 Milli Tak\u0131m kadrosu a\u00e7\u0131kland\u0131"},"content":{"rendered":"<div>20 Ya\u015f Alt\u0131 Ulusal Futbol Kadrosu&#8217;nun \u0130talya ve Romanya ile yapaca\u011f\u0131 Elit Lig ma\u00e7lar\u0131n\u0131n aday tak\u0131m\u0131 belirli oldu.<\/p>\n<p> T\u00fcrkiye Futbol Federasyonundan yap\u0131lan a\u00e7\u0131klamaya nazaran ay-y\u0131ld\u0131zl\u0131 grup, 20 Mart Per\u015fembe g\u00fcn\u00fc \u0130stanbul&#8217;da \u0130talya, 25 Mart Sal\u0131 g\u00fcn\u00fc Targovi\u015fte kentinde Romanya ile kar\u015f\u0131la\u015facak.<\/p>\n<p> Ulusallar, bu iki m\u00fcsabaka ile Se\u00e7kin Lig&#8217;i tamamlayacak.<\/p>\n<p> Ulusal grubun aday tak\u0131m\u0131na davet edilen futbolcular, 16 Mart Pazar g\u00fcn\u00fc saat 18.00&#8217;de \u0130stanbul Kavac\u0131k Limak Eurasia Luxury Hotel&#8217;de toplanacak.<\/p>\n<p> Teknik y\u00f6netici Erdal G\u00fcne\u015f idaresindeki ay-y\u0131ld\u0131zl\u0131 grubun aday tak\u0131m\u0131na \u015fu oyuncular davet edildi:<\/p>\n<p> <strong>Kaleci: <\/strong>Mehmet \u015eamil \u00d6zt\u00fcrk (Bellona Kayserispor), Mert Furkan Bayram (Corendon Alanyaspor), Deniz Erta\u015f (T\u00dcMOSAN Konyaspor)<\/p>\n<p> <strong>Defans:<\/strong> Yi\u011fit Fidan (U\u011fur Okullar\u0131 \u0130stanbulspor), Yi\u011fit Karademir (Osnabr\u00fcck), Emirhan Ba\u015fyi\u011fit (Net K\u00fcresel Sivasspor), Eren Tunal\u0131 (Ahlatc\u0131 \u00c7orum FK), Muhammet Onur Ba\u015fyi\u011fit (Motolux 68 Aksarayspor), Buyruk Tinti\u015f, Emirhan Parmaks\u0131z (Solwie Energy Fatih Karag\u00fcmr\u00fck), Burhan Ersoy (Adana Demirspor)<\/p>\n<p> <strong>Orta saha:<\/strong> Yusuf Sertkaya (Central Hospital \u00dcmraniyespor), Ali Alt\u0131n\u00f6z (GMG Kastamonuspor), Baran Ali Gezek (Bellona Kayserispor), Melih Bostan (T\u00dcMOSAN Konyaspor), Salih Malko\u00e7o\u011flu (Trabzonspor), \u015eahin Dik (Giresunspor), Burak \u0130nce (Slask Wroclaw), Emre Thomas Top\u00e7u (Longford Town)<\/p>\n<p> <strong>Forvet:<\/strong> \u0130lkan Sever (Erzurumspor FK), Abdurrahman Bayram (Trabzonspor), Batuhan \u00c7elik (Central Hospital \u00dcmraniyespor), Talha Sar\u0131arslan (Bellona Kayserispor), Ali Habe\u015fo\u011flu (Ayval\u0131kg\u00fcc\u00fc Belediyespor)<\/p>\n<\/div>\n<p><\/p>\n","protected":false},"excerpt":{"rendered":"<p>20 Ya\u015f Alt\u0131 Ulusal Futbol Kadrosu&#8217;nun aday tak\u0131m\u0131 a\u00e7\u0131kland\u0131. \u0130\u015fte aday tak\u0131ma davet edilen isimler&#8230;<\/p>\n","protected":false},"author":1,"featured_media":29789,"comment_status":"open","ping_status":"open","sticky":false,"template":"","format":"standard","meta":{"footnotes":""},"categories":[25],"tags":[],"class_list":["post-29788","post","type-post","status-publish","format-standard","has-post-thumbnail","hentry","category-futbol"],"_links":{"self":[{"href":"https:\/\/haberbesiktas.tr\/index.php?rest_route=\/wp\/v2\/posts\/29788","targetHints":{"allow":["GET"]}}],"collection":[{"href":"https:\/\/haberbesiktas.tr\/index.php?rest_route=\/wp\/v2\/posts"}],"about":[{"href":"https:\/\/haberbesiktas.tr\/index.php?rest_route=\/wp\/v2\/types\/post"}],"author":[{"embeddable":true,"href":"https:\/\/haberbesiktas.tr\/index.php?rest_route=\/wp\/v2\/users\/1"}],"replies":[{"embeddable":true,"href":"https:\/\/haberbesiktas.tr\/index.php?rest_route=%2Fwp%2Fv2%2Fcomments&post=29788"}],"version-history":[{"count":1,"href":"https:\/\/haberbesiktas.tr\/index.php?rest_route=\/wp\/v2\/posts\/29788\/revisions"}],"predecessor-version":[{"id":29790,"href":"https:\/\/haberbesiktas.tr\/index.php?rest_route=\/wp\/v2\/posts\/29788\/revisions\/29790"}],"wp:featuredmedia":[{"embeddable":true,"href":"https:\/\/haberbesiktas.tr\/index.php?rest_route=\/wp\/v2\/media\/29789"}],"wp:attachment":[{"href":"https:\/\/haberbesiktas.tr\/index.php?rest_route=%2Fwp%2Fv2%2Fmedia&parent=29788"}],"wp:term":[{"taxonomy":"category","embeddable":true,"href":"https:\/\/haberbesiktas.tr\/index.php?rest_route=%2Fwp%2Fv2%2Fcategories&post=29788"},{"taxonomy":"post_tag","embeddable":true,"href":"https:\/\/haberbesiktas.tr\/index.php?rest_route=%2Fwp%2Fv2%2Ftags&post=29788"}],"curies":[{"name":"wp","href":"https:\/\/api.w.org\/{rel}","templated":true}]}}