{"id":2979,"date":"2025-01-12T05:12:32","date_gmt":"2025-01-12T05:12:32","guid":{"rendered":"https:\/\/haberbesiktas.tr\/?p=2979"},"modified":"2025-01-12T05:12:32","modified_gmt":"2025-01-12T05:12:32","slug":"fenerbahce-kupada-dusuk-viteste-kazandi","status":"publish","type":"post","link":"https:\/\/haberbesiktas.tr\/?p=2979","title":{"rendered":"Fenerbah\u00e7e kupada d\u00fc\u015f\u00fck viteste kazand\u0131"},"content":{"rendered":"<div>Jose Mourinho&#8217;nun grubu Fenerbah\u00e7e, Ziraat T\u00fcrkiye Kupas\u0131 B K\u00fcmesi birinci ma\u00e7\u0131nda Taner Yapa\u011f\u0131c\u0131&#8217;n\u0131n idaresindeki Kas\u0131mpa\u015fa&#8217;y\u0131 deplasmanda 3-0 ma\u011flup etti.<\/p>\n<p> Recep Tayyip Erdo\u011fan Stadyumu&#8217;nda oynanan ve hakem Kadir Sa\u011flam&#8217;\u0131n y\u00f6netti\u011fi ma\u00e7ta alana U19 y\u00fckl\u00fc bir tak\u0131ma \u00e7\u0131kan Kas\u0131mpa\u015fa&#8217;ya kar\u015f\u0131 zorlanmayan Fenerbah\u00e7e&#8217;nin gollerini 2. dakikada Youssef En-Nesyri, 27. dakikada Yusuf Ak\u00e7i\u00e7ek ve 45+1&#8217;de Bartu\u011f Elmaz kaydetti.<\/p>\n<p> Bu sonu\u00e7la birlikte Fenerbah\u00e7e k\u00fcmenin birinci ma\u00e7lar\u0131 sonras\u0131nda 3 puanla ikinci s\u0131raya y\u00fckselirken, 0 puanda kalan Kas\u0131mpa\u015fa be\u015finci s\u0131rada yer ald\u0131.<\/p>\n<p> K\u00fcmenin bir sonraki ma\u00e7 haftas\u0131nda Fenerbah\u00e7e konutunda Erzurumspor FK&#8217;yi a\u011f\u0131rlarken, Kas\u0131mpa\u015fa deplasmanda \u0130stanbulspor ile kar\u015f\u0131la\u015facak.<\/p>\n<p><strong>MOURINHO&#8217;DAN 7 DE\u011e\u0130\u015e\u0130KL\u0130K<\/strong><\/p>\n<p> Ziraat T\u00fcrkiye Kupas\u0131 B K\u00fcmesi birinci ma\u00e7\u0131nda Kas\u0131mpa\u015fa ile deplasmanda kar\u015f\u0131la\u015fan Fenerbah\u00e7e&#8217;de teknik y\u00f6netici Jose Mourinho, ligde son oynad\u0131klar\u0131 Ataka\u015f Hatayspor ma\u00e7\u0131na nazaran birinci 11&#8217;de 7 de\u011fi\u015fiklik yapt\u0131.<\/p>\n<p> Portekizli teknik adam, Recep Tayyip Erdo\u011fan Stad\u0131&#8217;nda oynanan kar\u015f\u0131la\u015fmada, 3-5-2 sistemini tercih etti.<\/p>\n<p> Ziraat T\u00fcrkiye Kupas\u0131&#8217;nda rotasyona giden Jose Mourinho, Hatayspor&#8217;a kar\u015f\u0131 alana s\u00fcrd\u00fc\u011f\u00fc isimlerden \u0130rfan Can E\u011fribayat, Alexander Djiku, Levent Mercan, Sofyan Amrabat, Fred, Dusan Tadic ve Edin Dzeko&#8217;yu Kas\u0131mpa\u015fa ma\u00e7\u0131nda yedek oturttu.<\/p>\n<p> Kalede Ertu\u011frul \u00c7etin&#8217;i alana s\u00fcren Mourinho, savunma \u00fc\u00e7l\u00fcs\u00fcn\u00fc Mert M\u00fcld\u00fcr, \u00c7a\u011flar S\u00f6y\u00fcnc\u00fc ve Yusuf Ak\u00e7i\u00e7ek&#8217;ten olu\u015fturdu.<\/p>\n<p> Orta alanda Bright Osayi-Samuel, \u0130rfan Can Kahveci, Bartu\u011f Elmaz, Sebastian Szymanski ve Filip Kostic&#8217;e baht veren Portekizli \u00e7al\u0131\u015ft\u0131r\u0131c\u0131, forvette ise Youssef En-Nesyri ile Cenk Tosun&#8217;u oynatt\u0131.<\/p>\n<p> <strong>FENERBAH\u00c7E&#8217;DE 7 EKS\u0130K<\/strong><\/p>\n<p> Fenerbah\u00e7e, Kas\u0131mpa\u015fa kar\u015f\u0131la\u015fmas\u0131nda 7 oyuncusundan yararlanamad\u0131.<\/p>\n<p> Sakatl\u0131klar\u0131 bulunan Dominik Livakovic, O\u011fuz Ayd\u0131n, \u0130smail Y\u00fcksek, Jayden Oosterwolde ve Rodrigo Becao, Kas\u0131mpa\u015fa ma\u00e7\u0131n\u0131n tak\u0131m\u0131na al\u0131nmad\u0131.<\/p>\n<p> Bu isimlerin yan\u0131 s\u0131ra sakatl\u0131\u011f\u0131n\u0131 atlatan Allan Saint-Maximin ve Samet Akaydin, teknik grubun karar\u0131yla ma\u00e7 tak\u0131m\u0131na al\u0131nmayan \u00f6teki futbolcular oldu.<\/p>\n<p> <strong>4 \u0130S\u0130M B\u0130R\u0130NC\u0130 KERE 11&#8217;DE<\/strong><\/p>\n<p> Fenerbah\u00e7e&#8217;de 4 futbolcu, bu d\u00f6nem birinci sefer 11&#8217;de vazife ald\u0131.<\/p>\n<p> Kas\u0131mpa\u015fa kar\u015f\u0131s\u0131nda 11&#8217;de oynayan kaleci Ertu\u011frul \u00c7etin, savunmac\u0131 Yusuf Ak\u00e7i\u00e7ek, orta alandan Bartu\u011f Elmaz ve forvet Cenk Tosun, bu d\u00f6nem birinci sefer 11&#8217;de forma giydi.<\/p>\n<p> <strong>KASIMPA\u015eA YEN\u0130DEN U19 \u0130LE \u00c7IKTI<\/strong><\/p>\n<p> Fenerbah\u00e7e&#8217;yi konuk eden Kas\u0131mpa\u015fa, Ziraat T\u00fcrkiye Kupas\u0131&#8217;nda k\u00fcmedeki birinci ma\u00e7\u0131nda kaleci Ali Emre Yanar hari\u00e7 19 ya\u015f alt\u0131 ekibiyle alana \u00e7\u0131kt\u0131.<\/p>\n<p> Lacivert-beyazl\u0131 grup daha evvel T\u00fcrkiye Futbol Federasyonuna (TFF) Ziraat T\u00fcrkiye Kupas\u0131&#8217;nda gayret etmemek i\u00e7in m\u00fcracaatta bulunmu\u015f lakin yap\u0131lan g\u00f6r\u00fc\u015fmelerin akabinde kupaya devam etmeye karar vermi\u015fti.<\/p>\n<p> Bir evvelki \u00e7e\u015fitte Gen\u00e7lerbirli\u011fi deplasman\u0131nda gen\u00e7 oyuncularla alana \u00e7\u0131kan Kas\u0131mpa\u015fa, rakibini 1-0 ma\u011flup ederek k\u00fcmelere y\u00fckselmi\u015fti.<\/p>\n<p> Kas\u0131mpa\u015fa&#8217;da grubun ba\u015f\u0131nda da 19 ya\u015f alt\u0131 grubu teknik y\u00f6neticisi Taner Yapa\u011f\u0131c\u0131 alana \u00e7\u0131kt\u0131.<\/p>\n<p> <strong>FENERBAH\u00c7E MA\u00c7A GOLLE BA\u015eLADI<\/strong><\/p>\n<p> Ma\u00e7\u0131n 2. dakikas\u0131nda Fenerbah\u00e7e, Youssef En-Nesyri&#8217;nin gol\u00fcyle 1-0 \u00f6ne ge\u00e7ti. \u0130rfan Can&#8217;\u0131n derin pas\u0131nda savunma gerisinde topla bulu\u015fan Cenk Tosun kale a\u011fz\u0131na ortalad\u0131, En-Nesyri d\u00fczg\u00fcn bir vuru\u015fla grubunu 1-0 \u00f6ne ge\u00e7irdi.<\/p>\n<p>https:\/\/twitter.com\/sporxtv\/status\/1877409667392917757<\/p>\n<p>  <strong>YUSUF AK\u00c7\u0130\u00c7EK SAHNEYE \u00c7IKTI<\/strong><\/p>\n<p> Ma\u00e7\u0131n 27. dakikas\u0131nda Fenerbah\u00e7e durumu 2-0&#8217;a getirdi. \u00d6zg\u00fcr vuru\u015f sonras\u0131 ya\u015fanan karambolde Mert M\u00fcld\u00fcr&#8217;\u00fcn ba\u015fla indirdi\u011fi topu Yusuf Ak\u00e7i\u00e7ek d\u00fczg\u00fcn bir vuru\u015fla a\u011flara g\u00f6nderdi.<\/p>\n<p>https:\/\/twitter.com\/sporxtv\/status\/1877416005569314834<\/p>\n<p>  <strong>BARTU\u011e ELMAZ F\u0130\u015e\u0130 \u00c7EKT\u0130<\/strong><\/p>\n<p> Ma\u00e7\u0131n 45+1. dakikas\u0131nda Fenerbah\u00e7e fark\u0131 3&#8217;e y\u00fckseltti. Sol kanattan \u00e7izgiye inen \u0130rfan Can&#8217;\u0131n yerden ortas\u0131nda savunmadan seken topa ceza alan\u0131 \u00f6n\u00fcnden sert bir vuru\u015f yapan Bartu\u011f Elmaz, durumu 3-0&#8217;a getirdi.<\/p>\n<p>https:\/\/twitter.com\/sporxtv\/status\/1877419881739473381<\/p>\n<p>  <strong>MOURINHO&#8217;DAN DEVRE ORTASI HAMLE<\/strong><\/p>\n<p> Ma\u00e7\u0131n ikinci yar\u0131s\u0131 \u00f6ncesinde Fenerbah\u00e7e&#8217;de Filip Kostic ve Sebastian Szymanski oyundan al\u0131nd\u0131. Mert Hakan Yanda\u015f ve Levent Mercan oyuna dahil oldu.<\/p>\n<p> Ma\u00e7\u0131n kalan dakikalar\u0131nda \u00f6b\u00fcr gol sesi \u00e7\u0131kmad\u0131 ve Fenerbah\u00e7e alandan 3-0&#8217;l\u0131k galibiyetle ayr\u0131ld\u0131.<\/p>\n<p> <strong>MA\u00c7TAN DAK\u0130KALAR B\u0130RAZDAN&#8230;<\/strong><\/p>\n<\/div>\n","protected":false},"excerpt":{"rendered":"<p>Fenerbah\u00e7e, Ziraat T\u00fcrkiye Kupas\u0131 B K\u00fcmesi birinci ma\u00e7\u0131nda Kas\u0131mpa\u015fa&#8217;y\u0131 deplasmanda 3-0 ma\u011flup etti.<\/p>\n","protected":false},"author":1,"featured_media":2980,"comment_status":"open","ping_status":"open","sticky":false,"template":"","format":"standard","meta":{"footnotes":""},"categories":[25],"tags":[361,115,75,50,360],"class_list":["post-2979","post","type-post","status-publish","format-standard","has-post-thumbnail","hentry","category-futbol","tag-11de","tag-fenerbahce","tag-kasimpasa","tag-mac","tag-sahaya"],"_links":{"self":[{"href":"https:\/\/haberbesiktas.tr\/index.php?rest_route=\/wp\/v2\/posts\/2979","targetHints":{"allow":["GET"]}}],"collection":[{"href":"https:\/\/haberbesiktas.tr\/index.php?rest_route=\/wp\/v2\/posts"}],"about":[{"href":"https:\/\/haberbesiktas.tr\/index.php?rest_route=\/wp\/v2\/types\/post"}],"author":[{"embeddable":true,"href":"https:\/\/haberbesiktas.tr\/index.php?rest_route=\/wp\/v2\/users\/1"}],"replies":[{"embeddable":true,"href":"https:\/\/haberbesiktas.tr\/index.php?rest_route=%2Fwp%2Fv2%2Fcomments&post=2979"}],"version-history":[{"count":1,"href":"https:\/\/haberbesiktas.tr\/index.php?rest_route=\/wp\/v2\/posts\/2979\/revisions"}],"predecessor-version":[{"id":2981,"href":"https:\/\/haberbesiktas.tr\/index.php?rest_route=\/wp\/v2\/posts\/2979\/revisions\/2981"}],"wp:featuredmedia":[{"embeddable":true,"href":"https:\/\/haberbesiktas.tr\/index.php?rest_route=\/wp\/v2\/media\/2980"}],"wp:attachment":[{"href":"https:\/\/haberbesiktas.tr\/index.php?rest_route=%2Fwp%2Fv2%2Fmedia&parent=2979"}],"wp:term":[{"taxonomy":"category","embeddable":true,"href":"https:\/\/haberbesiktas.tr\/index.php?rest_route=%2Fwp%2Fv2%2Fcategories&post=2979"},{"taxonomy":"post_tag","embeddable":true,"href":"https:\/\/haberbesiktas.tr\/index.php?rest_route=%2Fwp%2Fv2%2Ftags&post=2979"}],"curies":[{"name":"wp","href":"https:\/\/api.w.org\/{rel}","templated":true}]}}