{"id":29791,"date":"2025-05-13T08:24:19","date_gmt":"2025-05-13T08:24:19","guid":{"rendered":"https:\/\/haberbesiktas.tr\/?p=29791"},"modified":"2025-05-13T08:24:19","modified_gmt":"2025-05-13T08:24:19","slug":"werder-bremenden-kohn-icin-aciklama","status":"publish","type":"post","link":"https:\/\/haberbesiktas.tr\/?p=29791","title":{"rendered":"Werder Bremen&#8217;den K\u00f6hn i\u00e7in a\u00e7\u0131klama!"},"content":{"rendered":"<div>Werder Bremen Y\u00f6neticisi Peter Niemeyer, Galatasaray&#8217;dan kiralad\u0131klar\u0131 Derrick K\u00f6hn ile ilgili a\u00e7\u0131klamalarda bulundu.<\/p>\n<p> 26 ya\u015f\u0131ndaki futbolcu i\u00e7in konu\u015fan Niemeyer, <strong>&#8220;Derrick hem \u015fahs\u00ee hem de atletik manada \u00fcst seviye katk\u0131larda bulunuyor&#8221;<\/strong> dedi.<\/p>\n<p><strong>&#8220;HEN\u00dcZ KARAR VERMED\u0130K&#8221;<\/strong><\/p>\n<p> K\u00f6hn&#8217;\u00fcn kal\u0131c\u0131 transferini ger\u00e7ekle\u015ftirip ger\u00e7ekle\u015ftirmeyeceklerine y\u00f6nelik soruya yan\u0131t veren Alman tak\u0131m\u0131n\u0131n y\u00f6neticis<strong>i &#8220;Zorlu kontrat \u015fartlar\u0131 nedeniyle \u015fimdi sat\u0131n alma opsiyonunu kullan\u0131p kullanmama konusunda bir karar almad\u0131k.&#8221;<\/strong> diye konu\u015ftu.<\/p>\n<p><strong>ALMANYA PERFORMANSI<\/strong><\/p>\n<p> Werder Bremen&#8217;de bu d\u00f6nem 25 ma\u00e7ta m\u00fchlet bulan 26 ya\u015f\u0131ndaki Derrick K\u00f6hn, 2 gol att\u0131 ve 2 asist yapt\u0131.<\/p>\n<p> Galatasaray ile Werder Bremen ortas\u0131nda K\u00f6hn i\u00e7in yap\u0131lan kiral\u0131k kontratta 5 milyon 125 bin euro&#8217;luk sat\u0131n alma opsiyonu da bulunuyor.<\/p>\n<\/div>\n<p><\/p>\n","protected":false},"excerpt":{"rendered":"<p>Werder Bremen Y\u00f6neticisi Peter Niemeyer, Galatasaray&#8217;dan kiralad\u0131klar\u0131 Derrick K\u00f6hn&#8217;\u00fcn transferi i\u00e7in \u015fimdi karar vermediklerini s\u00f6yledi.<\/p>\n","protected":false},"author":1,"featured_media":29792,"comment_status":"open","ping_status":"open","sticky":false,"template":"","format":"standard","meta":{"footnotes":""},"categories":[25],"tags":[1289],"class_list":["post-29791","post","type-post","status-publish","format-standard","has-post-thumbnail","hentry","category-futbol","tag-alma"],"_links":{"self":[{"href":"https:\/\/haberbesiktas.tr\/index.php?rest_route=\/wp\/v2\/posts\/29791","targetHints":{"allow":["GET"]}}],"collection":[{"href":"https:\/\/haberbesiktas.tr\/index.php?rest_route=\/wp\/v2\/posts"}],"about":[{"href":"https:\/\/haberbesiktas.tr\/index.php?rest_route=\/wp\/v2\/types\/post"}],"author":[{"embeddable":true,"href":"https:\/\/haberbesiktas.tr\/index.php?rest_route=\/wp\/v2\/users\/1"}],"replies":[{"embeddable":true,"href":"https:\/\/haberbesiktas.tr\/index.php?rest_route=%2Fwp%2Fv2%2Fcomments&post=29791"}],"version-history":[{"count":1,"href":"https:\/\/haberbesiktas.tr\/index.php?rest_route=\/wp\/v2\/posts\/29791\/revisions"}],"predecessor-version":[{"id":29793,"href":"https:\/\/haberbesiktas.tr\/index.php?rest_route=\/wp\/v2\/posts\/29791\/revisions\/29793"}],"wp:featuredmedia":[{"embeddable":true,"href":"https:\/\/haberbesiktas.tr\/index.php?rest_route=\/wp\/v2\/media\/29792"}],"wp:attachment":[{"href":"https:\/\/haberbesiktas.tr\/index.php?rest_route=%2Fwp%2Fv2%2Fmedia&parent=29791"}],"wp:term":[{"taxonomy":"category","embeddable":true,"href":"https:\/\/haberbesiktas.tr\/index.php?rest_route=%2Fwp%2Fv2%2Fcategories&post=29791"},{"taxonomy":"post_tag","embeddable":true,"href":"https:\/\/haberbesiktas.tr\/index.php?rest_route=%2Fwp%2Fv2%2Ftags&post=29791"}],"curies":[{"name":"wp","href":"https:\/\/api.w.org\/{rel}","templated":true}]}}