{"id":29797,"date":"2025-05-13T08:48:17","date_gmt":"2025-05-13T08:48:17","guid":{"rendered":"https:\/\/haberbesiktas.tr\/?p=29797"},"modified":"2025-05-13T08:48:17","modified_gmt":"2025-05-13T08:48:17","slug":"osimhenden-morataya-jest","status":"publish","type":"post","link":"https:\/\/haberbesiktas.tr\/?p=29797","title":{"rendered":"Osimhen&#8217;den Morata&#8217;ya jest!"},"content":{"rendered":"<div>Galatasaray, Antalyaspor ma\u00e7\u0131nda VAR ihtar\u0131yla penalt\u0131 kazand\u0131.<\/p>\n<p> Kazan\u0131lan penalt\u0131 sonras\u0131 topu Victor Osimhen ald\u0131. Osimhen daha sonra topu Alvaro Morata&#8217;ya b\u0131rakt\u0131.<\/p>\n<p> Morata, 45. dakikada kulland\u0131\u011f\u0131 penalt\u0131da topu a\u011flara g\u00f6nderdi.<\/p>\n<\/div>\n<p><\/p>\n","protected":false},"excerpt":{"rendered":"<p>Galatasaray, Antalyaspor ma\u00e7\u0131nda VAR ikaz\u0131yla penalt\u0131 kazand\u0131. Penalt\u0131da Victor Osimhen topu Alvaro Morata&#8217;ya b\u0131rakt\u0131.<\/p>\n","protected":false},"author":1,"featured_media":29798,"comment_status":"open","ping_status":"open","sticky":false,"template":"","format":"standard","meta":{"footnotes":""},"categories":[25],"tags":[],"class_list":["post-29797","post","type-post","status-publish","format-standard","has-post-thumbnail","hentry","category-futbol"],"_links":{"self":[{"href":"https:\/\/haberbesiktas.tr\/index.php?rest_route=\/wp\/v2\/posts\/29797","targetHints":{"allow":["GET"]}}],"collection":[{"href":"https:\/\/haberbesiktas.tr\/index.php?rest_route=\/wp\/v2\/posts"}],"about":[{"href":"https:\/\/haberbesiktas.tr\/index.php?rest_route=\/wp\/v2\/types\/post"}],"author":[{"embeddable":true,"href":"https:\/\/haberbesiktas.tr\/index.php?rest_route=\/wp\/v2\/users\/1"}],"replies":[{"embeddable":true,"href":"https:\/\/haberbesiktas.tr\/index.php?rest_route=%2Fwp%2Fv2%2Fcomments&post=29797"}],"version-history":[{"count":1,"href":"https:\/\/haberbesiktas.tr\/index.php?rest_route=\/wp\/v2\/posts\/29797\/revisions"}],"predecessor-version":[{"id":29799,"href":"https:\/\/haberbesiktas.tr\/index.php?rest_route=\/wp\/v2\/posts\/29797\/revisions\/29799"}],"wp:featuredmedia":[{"embeddable":true,"href":"https:\/\/haberbesiktas.tr\/index.php?rest_route=\/wp\/v2\/media\/29798"}],"wp:attachment":[{"href":"https:\/\/haberbesiktas.tr\/index.php?rest_route=%2Fwp%2Fv2%2Fmedia&parent=29797"}],"wp:term":[{"taxonomy":"category","embeddable":true,"href":"https:\/\/haberbesiktas.tr\/index.php?rest_route=%2Fwp%2Fv2%2Fcategories&post=29797"},{"taxonomy":"post_tag","embeddable":true,"href":"https:\/\/haberbesiktas.tr\/index.php?rest_route=%2Fwp%2Fv2%2Ftags&post=29797"}],"curies":[{"name":"wp","href":"https:\/\/api.w.org\/{rel}","templated":true}]}}