{"id":29800,"date":"2025-05-13T09:00:20","date_gmt":"2025-05-13T09:00:20","guid":{"rendered":"https:\/\/haberbesiktas.tr\/?p=29800"},"modified":"2025-05-13T09:00:20","modified_gmt":"2025-05-13T09:00:20","slug":"galatasaray-varla-penalti-kazandi","status":"publish","type":"post","link":"https:\/\/haberbesiktas.tr\/?p=29800","title":{"rendered":"Galatasaray, VAR&#8217;la penalt\u0131 kazand\u0131!"},"content":{"rendered":"<div>Galatasaray, Antalyaspor ile kar\u015f\u0131 kar\u015f\u0131ya geldi\u011fi ma\u00e7ta VAR ihtar\u0131yla penalt\u0131 kazand\u0131.<\/p>\n<p> M\u00fcsabakan\u0131n 41. dakikas\u0131nda ceza alan\u0131na gelen topta Davinson Sanchez &#8211; Safuri gayreti sonras\u0131 Galatasarayl\u0131 oyuncular elle oynama ve penalt\u0131 bekledi.<\/p>\n<p> Hakem Ozan Erg\u00fcn, VAR&#8217;ddan gelen ihtar\u0131n akabinde konumu izlemeye ekrana gitti. Hakem Erg\u00fcn, konumu ekranda izledi ve penalt\u0131 noktas\u0131n\u0131 g\u00f6sterdi.<\/p>\n<p> Galatasaray&#8217;da penalt\u0131da topun ba\u015f\u0131na Morata geldi. \u0130spanyol futbolcu, 45. dakikada penalt\u0131dan att\u0131\u011f\u0131 golle Galatasaray&#8217;\u0131 Antalyaspor kar\u015f\u0131s\u0131nda 2-0 \u00f6ne ta\u015f\u0131d\u0131.<\/p>\n<\/div>\n<p><\/p>\n","protected":false},"excerpt":{"rendered":"<p>Galatasaray, Antalyaspor ma\u00e7\u0131nda VAR ihtar\u0131n\u0131n akabinde penalt\u0131 kazand\u0131.<\/p>\n","protected":false},"author":1,"featured_media":29801,"comment_status":"open","ping_status":"open","sticky":false,"template":"","format":"standard","meta":{"footnotes":""},"categories":[25],"tags":[303],"class_list":["post-29800","post","type-post","status-publish","format-standard","has-post-thumbnail","hentry","category-futbol","tag-penalti"],"_links":{"self":[{"href":"https:\/\/haberbesiktas.tr\/index.php?rest_route=\/wp\/v2\/posts\/29800","targetHints":{"allow":["GET"]}}],"collection":[{"href":"https:\/\/haberbesiktas.tr\/index.php?rest_route=\/wp\/v2\/posts"}],"about":[{"href":"https:\/\/haberbesiktas.tr\/index.php?rest_route=\/wp\/v2\/types\/post"}],"author":[{"embeddable":true,"href":"https:\/\/haberbesiktas.tr\/index.php?rest_route=\/wp\/v2\/users\/1"}],"replies":[{"embeddable":true,"href":"https:\/\/haberbesiktas.tr\/index.php?rest_route=%2Fwp%2Fv2%2Fcomments&post=29800"}],"version-history":[{"count":1,"href":"https:\/\/haberbesiktas.tr\/index.php?rest_route=\/wp\/v2\/posts\/29800\/revisions"}],"predecessor-version":[{"id":29802,"href":"https:\/\/haberbesiktas.tr\/index.php?rest_route=\/wp\/v2\/posts\/29800\/revisions\/29802"}],"wp:featuredmedia":[{"embeddable":true,"href":"https:\/\/haberbesiktas.tr\/index.php?rest_route=\/wp\/v2\/media\/29801"}],"wp:attachment":[{"href":"https:\/\/haberbesiktas.tr\/index.php?rest_route=%2Fwp%2Fv2%2Fmedia&parent=29800"}],"wp:term":[{"taxonomy":"category","embeddable":true,"href":"https:\/\/haberbesiktas.tr\/index.php?rest_route=%2Fwp%2Fv2%2Fcategories&post=29800"},{"taxonomy":"post_tag","embeddable":true,"href":"https:\/\/haberbesiktas.tr\/index.php?rest_route=%2Fwp%2Fv2%2Ftags&post=29800"}],"curies":[{"name":"wp","href":"https:\/\/api.w.org\/{rel}","templated":true}]}}