{"id":29814,"date":"2025-05-13T09:36:23","date_gmt":"2025-05-13T09:36:23","guid":{"rendered":"https:\/\/haberbesiktas.tr\/?p=29814"},"modified":"2025-05-13T09:36:23","modified_gmt":"2025-05-13T09:36:23","slug":"galatasaray-evinden-uzakta-kalacak","status":"publish","type":"post","link":"https:\/\/haberbesiktas.tr\/?p=29814","title":{"rendered":"Galatasaray, evinden uzakta kalacak!"},"content":{"rendered":"<div>S\u00fcper Lig&#8217;de alan\u0131nda Antalyaspor&#8217;u ma\u011flup eden Galatasaray, bir m\u00fchlet konutundan uzakta kalacak.<\/p>\n<p> Galatasaray, ulusal aran\u0131n ard\u0131ndan ligde Be\u015fikta\u015f deplasman\u0131na gidecek. Be\u015fikta\u015f derbisinin akabinde ise Galatasaray kupada Fenerbah\u00e7e ile Kad\u0131k\u00f6y&#8217;de kar\u015f\u0131 kar\u015f\u0131ya gelecek.<\/p>\n<p> Galatasaray, Fenerbah\u00e7e derbisinin ard\u0131ndan ligde bir haftay\u0131 BAY ge\u00e7ecek ve akabinde Samsunspor deplasman\u0131na gidecek.<\/p>\n<p> Sar\u0131-k\u0131rm\u0131z\u0131l\u0131lar, bir sonraki i\u00e7 saha ma\u00e7\u0131nda 32. haftada alan\u0131nda Bodrum FK ile kar\u015f\u0131 kar\u015f\u0131ya gelecek.<\/p>\n<p>https:\/\/twitter.com\/sporx\/status\/1900632087889051648<\/p>\n<\/p><\/div>\n<p><\/p>\n","protected":false},"excerpt":{"rendered":"<p>S\u00fcper Lig&#8217;de alan\u0131nda Antalyaspor&#8217;u ma\u011flup eden Galatasaray, bir sonraki i\u00e7 saha ma\u00e7\u0131n\u0131 nisan ay\u0131nda oynayacak.<\/p>\n","protected":false},"author":1,"featured_media":29816,"comment_status":"open","ping_status":"open","sticky":false,"template":"","format":"standard","meta":{"footnotes":""},"categories":[25],"tags":[],"class_list":["post-29814","post","type-post","status-publish","format-standard","has-post-thumbnail","hentry","category-futbol"],"_links":{"self":[{"href":"https:\/\/haberbesiktas.tr\/index.php?rest_route=\/wp\/v2\/posts\/29814","targetHints":{"allow":["GET"]}}],"collection":[{"href":"https:\/\/haberbesiktas.tr\/index.php?rest_route=\/wp\/v2\/posts"}],"about":[{"href":"https:\/\/haberbesiktas.tr\/index.php?rest_route=\/wp\/v2\/types\/post"}],"author":[{"embeddable":true,"href":"https:\/\/haberbesiktas.tr\/index.php?rest_route=\/wp\/v2\/users\/1"}],"replies":[{"embeddable":true,"href":"https:\/\/haberbesiktas.tr\/index.php?rest_route=%2Fwp%2Fv2%2Fcomments&post=29814"}],"version-history":[{"count":1,"href":"https:\/\/haberbesiktas.tr\/index.php?rest_route=\/wp\/v2\/posts\/29814\/revisions"}],"predecessor-version":[{"id":29817,"href":"https:\/\/haberbesiktas.tr\/index.php?rest_route=\/wp\/v2\/posts\/29814\/revisions\/29817"}],"wp:featuredmedia":[{"embeddable":true,"href":"https:\/\/haberbesiktas.tr\/index.php?rest_route=\/wp\/v2\/media\/29816"}],"wp:attachment":[{"href":"https:\/\/haberbesiktas.tr\/index.php?rest_route=%2Fwp%2Fv2%2Fmedia&parent=29814"}],"wp:term":[{"taxonomy":"category","embeddable":true,"href":"https:\/\/haberbesiktas.tr\/index.php?rest_route=%2Fwp%2Fv2%2Fcategories&post=29814"},{"taxonomy":"post_tag","embeddable":true,"href":"https:\/\/haberbesiktas.tr\/index.php?rest_route=%2Fwp%2Fv2%2Ftags&post=29814"}],"curies":[{"name":"wp","href":"https:\/\/api.w.org\/{rel}","templated":true}]}}