{"id":29818,"date":"2025-05-13T09:48:18","date_gmt":"2025-05-13T09:48:18","guid":{"rendered":"https:\/\/haberbesiktas.tr\/?p=29818"},"modified":"2025-05-13T09:48:18","modified_gmt":"2025-05-13T09:48:18","slug":"victor-osimhenden-kariyer-rekoru","status":"publish","type":"post","link":"https:\/\/haberbesiktas.tr\/?p=29818","title":{"rendered":"Victor Osimhen&#8217;den kariyer rekoru"},"content":{"rendered":"<div>Galatasaray formas\u0131 giyen Victor Osimhen, Antalyaspor kar\u015f\u0131s\u0131nda adeta co\u015ftu.<\/p>\n<p> Nijeryal\u0131 y\u0131ld\u0131z, ekibinin 4-0 kazand\u0131\u011f\u0131 ma\u00e7ta 3 defa gol sevinci ya\u015fad\u0131 ve T\u00fcrkiye mesle\u011finde birinci kere hat-trick yapt\u0131.<\/p>\n<p> Bu d\u00f6nem Galatasaray formas\u0131yla \u00e7\u0131kt\u0131\u011f\u0131 22 S\u00fcper Lig ma\u00e7\u0131nda 20 gol atan Victor Osimhen, profesyonel mesle\u011finde ma\u00e7 ba\u015f\u0131na en y\u00fcksek gol ortalamas\u0131 yakalad\u0131\u011f\u0131 d\u00f6nemi ya\u015f\u0131yor (0.91)<\/p>\n<p> 26 ya\u015f\u0131ndaki y\u0131ld\u0131z futbolcu ayr\u0131yeten \u015fu anda S\u00fcper Lig&#8217;de gol krall\u0131\u011f\u0131 yar\u0131\u015f\u0131s\u0131nda tepede yer al\u0131yor.<\/p>\n<\/div>\n<p><\/p>\n","protected":false},"excerpt":{"rendered":"<p>Bu d\u00f6nem Galatasaray formas\u0131yla \u00e7\u0131kt\u0131\u011f\u0131 22 S\u00fcper Lig ma\u00e7\u0131nda 20 gol atan Victor Osimhen, profesyonel mesle\u011finde ma\u00e7 ba\u015f\u0131na en y\u00fcksek gol ortalamas\u0131 yakalad\u0131\u011f\u0131 d\u00f6nemi ya\u015f\u0131yor (0.91)<\/p>\n","protected":false},"author":1,"featured_media":29819,"comment_status":"open","ping_status":"open","sticky":false,"template":"","format":"standard","meta":{"footnotes":""},"categories":[25],"tags":[],"class_list":["post-29818","post","type-post","status-publish","format-standard","has-post-thumbnail","hentry","category-futbol"],"_links":{"self":[{"href":"https:\/\/haberbesiktas.tr\/index.php?rest_route=\/wp\/v2\/posts\/29818","targetHints":{"allow":["GET"]}}],"collection":[{"href":"https:\/\/haberbesiktas.tr\/index.php?rest_route=\/wp\/v2\/posts"}],"about":[{"href":"https:\/\/haberbesiktas.tr\/index.php?rest_route=\/wp\/v2\/types\/post"}],"author":[{"embeddable":true,"href":"https:\/\/haberbesiktas.tr\/index.php?rest_route=\/wp\/v2\/users\/1"}],"replies":[{"embeddable":true,"href":"https:\/\/haberbesiktas.tr\/index.php?rest_route=%2Fwp%2Fv2%2Fcomments&post=29818"}],"version-history":[{"count":1,"href":"https:\/\/haberbesiktas.tr\/index.php?rest_route=\/wp\/v2\/posts\/29818\/revisions"}],"predecessor-version":[{"id":29820,"href":"https:\/\/haberbesiktas.tr\/index.php?rest_route=\/wp\/v2\/posts\/29818\/revisions\/29820"}],"wp:featuredmedia":[{"embeddable":true,"href":"https:\/\/haberbesiktas.tr\/index.php?rest_route=\/wp\/v2\/media\/29819"}],"wp:attachment":[{"href":"https:\/\/haberbesiktas.tr\/index.php?rest_route=%2Fwp%2Fv2%2Fmedia&parent=29818"}],"wp:term":[{"taxonomy":"category","embeddable":true,"href":"https:\/\/haberbesiktas.tr\/index.php?rest_route=%2Fwp%2Fv2%2Fcategories&post=29818"},{"taxonomy":"post_tag","embeddable":true,"href":"https:\/\/haberbesiktas.tr\/index.php?rest_route=%2Fwp%2Fv2%2Ftags&post=29818"}],"curies":[{"name":"wp","href":"https:\/\/api.w.org\/{rel}","templated":true}]}}