{"id":2982,"date":"2025-01-12T05:24:34","date_gmt":"2025-01-12T05:24:34","guid":{"rendered":"https:\/\/haberbesiktas.tr\/?p=2982"},"modified":"2025-01-12T05:24:34","modified_gmt":"2025-01-12T05:24:34","slug":"galatasaraydan-tffye-bir-kulubun-yandasi","status":"publish","type":"post","link":"https:\/\/haberbesiktas.tr\/?p=2982","title":{"rendered":"Galatasaray&#8217;dan TFF&#8217;ye: &#8220;Bir kul\u00fcb\u00fcn yanda\u015f\u0131&#8221;"},"content":{"rendered":"<div>Galatasaray Kul\u00fcb\u00fc, PFDK taraf\u0131ndan verilen trib\u00fcn bloke cezalar\u0131na reaksiyon g\u00f6sterdi.<\/p>\n<p><strong>Kul\u00fcpten yap\u0131lan a\u00e7\u0131klamada, \u015fu tabirler kullan\u0131ld\u0131;<\/strong><\/p>\n<p>&#8220;T\u00fcrkiye Futbol Federasyonu, kul\u00fcb\u00fcm\u00fcze kar\u015f\u0131 g\u00f6sterdi\u011fi tarafl\u0131 ve hasmane tavr\u0131n\u0131 bu ak\u015fam a\u00e7\u0131klad\u0131\u011f\u0131 Disiplin Kurulu karar\u0131yla farkl\u0131 bir d\u00fczeye ta\u015f\u0131m\u0131\u015ft\u0131r. Hi\u00e7bir deste\u011fi olmayan bir kararla stad\u0131m\u0131z\u0131n yar\u0131s\u0131ndan fazlas\u0131na denk gelen say\u0131da taraftar\u0131m\u0131z\u0131n biletleri T. Konyaspor ile oynayaca\u011f\u0131m\u0131z i\u00e7 saha ma\u00e7\u0131nda bloke edilmi\u015ftir. Bu karar, bir kul\u00fcb\u00fcn yanda\u015fl\u0131\u011f\u0131n\u0131 yapmaktan di\u011fer hi\u00e7bir vazifesi kalmam\u0131\u015f olan federasyonun k\u00fclliyen iflas etti\u011finin en net g\u00f6stergesidir. Maksat belirlidir; rakiplerimiz a\u00e7\u0131s\u0131ndan en \u00e7ekinilen yer olan stadyumumuzu ve taraftar\u0131m\u0131z\u0131 susturmak, pasifize etmek&#8230; <\/p>\n<p>Buradan bu karar\u0131n sahiplerine sesleniyoruz: T\u00fcrk sporuna daha fazla ziyan vermeden, istifa edin! Ve \u015funu unutmay\u0131n; Siz durdurmaya \u00e7al\u0131\u015f\u0131rs\u0131n\u0131z, biz daha fazlas\u0131 oluruz! <\/p>\n<p>Siz susturmaya \u00e7al\u0131\u015f\u0131rs\u0131n\u0131z, biz daha \u00e7ok ba\u011f\u0131r\u0131r\u0131z! Hangi kirli ittifakla kar\u015f\u0131m\u0131za \u00e7\u0131karsan\u0131z \u00e7\u0131k\u0131n, \u00e2l\u00e2 ve yanl\u0131\u015fs\u0131z kazan\u0131r, Galatasaray kazan\u0131r!&#8221;<\/p><\/div>\n","protected":false},"excerpt":{"rendered":"<p>Galatasaray Kul\u00fcb\u00fc, PFDK taraf\u0131ndan verilen trib\u00fcn bloke cezalar\u0131na reaksiyon g\u00f6sterdi.<\/p>\n","protected":false},"author":1,"featured_media":2983,"comment_status":"open","ping_status":"open","sticky":false,"template":"","format":"standard","meta":{"footnotes":""},"categories":[25],"tags":[],"class_list":["post-2982","post","type-post","status-publish","format-standard","has-post-thumbnail","hentry","category-futbol"],"_links":{"self":[{"href":"https:\/\/haberbesiktas.tr\/index.php?rest_route=\/wp\/v2\/posts\/2982","targetHints":{"allow":["GET"]}}],"collection":[{"href":"https:\/\/haberbesiktas.tr\/index.php?rest_route=\/wp\/v2\/posts"}],"about":[{"href":"https:\/\/haberbesiktas.tr\/index.php?rest_route=\/wp\/v2\/types\/post"}],"author":[{"embeddable":true,"href":"https:\/\/haberbesiktas.tr\/index.php?rest_route=\/wp\/v2\/users\/1"}],"replies":[{"embeddable":true,"href":"https:\/\/haberbesiktas.tr\/index.php?rest_route=%2Fwp%2Fv2%2Fcomments&post=2982"}],"version-history":[{"count":1,"href":"https:\/\/haberbesiktas.tr\/index.php?rest_route=\/wp\/v2\/posts\/2982\/revisions"}],"predecessor-version":[{"id":2984,"href":"https:\/\/haberbesiktas.tr\/index.php?rest_route=\/wp\/v2\/posts\/2982\/revisions\/2984"}],"wp:featuredmedia":[{"embeddable":true,"href":"https:\/\/haberbesiktas.tr\/index.php?rest_route=\/wp\/v2\/media\/2983"}],"wp:attachment":[{"href":"https:\/\/haberbesiktas.tr\/index.php?rest_route=%2Fwp%2Fv2%2Fmedia&parent=2982"}],"wp:term":[{"taxonomy":"category","embeddable":true,"href":"https:\/\/haberbesiktas.tr\/index.php?rest_route=%2Fwp%2Fv2%2Fcategories&post=2982"},{"taxonomy":"post_tag","embeddable":true,"href":"https:\/\/haberbesiktas.tr\/index.php?rest_route=%2Fwp%2Fv2%2Ftags&post=2982"}],"curies":[{"name":"wp","href":"https:\/\/api.w.org\/{rel}","templated":true}]}}