{"id":29821,"date":"2025-05-13T10:00:17","date_gmt":"2025-05-13T10:00:17","guid":{"rendered":"https:\/\/haberbesiktas.tr\/?p=29821"},"modified":"2025-05-13T10:00:17","modified_gmt":"2025-05-13T10:00:17","slug":"osimhen-morata-cok-onemli-isim-hepimiz-kardesiz","status":"publish","type":"post","link":"https:\/\/haberbesiktas.tr\/?p=29821","title":{"rendered":"Osimhen: &#8220;Morata \u00e7ok \u00f6nemli isim! Hepimiz karde\u015fiz&#8221;"},"content":{"rendered":"<div>Galatasaray&#8217;\u0131n Antalyaspor&#8217;u 4-0 yendi\u011fi m\u00fcsabakada hat-trick yapan Victor Osimhen a\u00e7\u0131klamalarda bulundu.<\/p>\n<p> U\u011fra\u015f sonras\u0131 g\u00f6r\u00fc\u015flerini payla\u015fan Osimhen &#8220;<strong>B\u00fcy\u00fck bir tebrik kadroya. \u00c7abucak gerisinden da taraftar\u0131m\u0131za&#8230; Hak ettik. \u00c7ok uygun i\u015f \u00e7\u0131kard\u0131k. Bar\u0131\u015f inan\u0131lmaz oynad\u0131. Son ma\u00e7larda de\u011ferli oldu\u011funu hissettiriyordu. Yunus geri d\u00f6nd\u00fc. O da \u00e7ok de\u011ferli bizim i\u00e7in. Bu sonucu \u00f6n\u00fcm\u00fczdeki ma\u00e7larda da yans\u0131tmaya \u00e7al\u0131\u015faca\u011f\u0131z.<\/strong>&#8221; dedi.<\/p>\n<p> Penalt\u0131da topu Alvaro Morata&#8217;ya vermesi hakk\u0131nda sorulan soruyu yan\u0131tlayan Osimhen <strong>&#8220;Son r\u00f6portaj\u0131mda da s\u00f6yledim, bizim tak\u0131m\u0131m\u0131z sevgi \u00fczerine kurulu bir ekip. Hepimiz karde\u015fiz. Morata da b\u00fcy\u00fck bir oyuncu. Birbirimize h\u00fcrmet duyuyoruz. T\u0131pk\u0131 durumda o da topu bana verirdi. Grup arkada\u015flar\u0131m\u0131n hepsi \u00e7ok de\u011ferli benim i\u00e7in. Bu momentumun \u00fczerine koyarak devam etmek\u00a0istiyoruz<\/strong>.&#8221; tabirlerini kulland\u0131.<\/p>\n<\/div>\n<p><\/p>\n","protected":false},"excerpt":{"rendered":"<p>Nijerjal\u0131 golc\u00fc Victor Osimhen, Galatasaray &#8211; Antalyaspor ma\u00e7\u0131 sonras\u0131 konu\u015ftu.<\/p>\n","protected":false},"author":1,"featured_media":29822,"comment_status":"open","ping_status":"open","sticky":false,"template":"","format":"standard","meta":{"footnotes":""},"categories":[25],"tags":[],"class_list":["post-29821","post","type-post","status-publish","format-standard","has-post-thumbnail","hentry","category-futbol"],"_links":{"self":[{"href":"https:\/\/haberbesiktas.tr\/index.php?rest_route=\/wp\/v2\/posts\/29821","targetHints":{"allow":["GET"]}}],"collection":[{"href":"https:\/\/haberbesiktas.tr\/index.php?rest_route=\/wp\/v2\/posts"}],"about":[{"href":"https:\/\/haberbesiktas.tr\/index.php?rest_route=\/wp\/v2\/types\/post"}],"author":[{"embeddable":true,"href":"https:\/\/haberbesiktas.tr\/index.php?rest_route=\/wp\/v2\/users\/1"}],"replies":[{"embeddable":true,"href":"https:\/\/haberbesiktas.tr\/index.php?rest_route=%2Fwp%2Fv2%2Fcomments&post=29821"}],"version-history":[{"count":1,"href":"https:\/\/haberbesiktas.tr\/index.php?rest_route=\/wp\/v2\/posts\/29821\/revisions"}],"predecessor-version":[{"id":29823,"href":"https:\/\/haberbesiktas.tr\/index.php?rest_route=\/wp\/v2\/posts\/29821\/revisions\/29823"}],"wp:featuredmedia":[{"embeddable":true,"href":"https:\/\/haberbesiktas.tr\/index.php?rest_route=\/wp\/v2\/media\/29822"}],"wp:attachment":[{"href":"https:\/\/haberbesiktas.tr\/index.php?rest_route=%2Fwp%2Fv2%2Fmedia&parent=29821"}],"wp:term":[{"taxonomy":"category","embeddable":true,"href":"https:\/\/haberbesiktas.tr\/index.php?rest_route=%2Fwp%2Fv2%2Fcategories&post=29821"},{"taxonomy":"post_tag","embeddable":true,"href":"https:\/\/haberbesiktas.tr\/index.php?rest_route=%2Fwp%2Fv2%2Ftags&post=29821"}],"curies":[{"name":"wp","href":"https:\/\/api.w.org\/{rel}","templated":true}]}}