{"id":29824,"date":"2025-05-13T10:12:18","date_gmt":"2025-05-13T10:12:18","guid":{"rendered":"https:\/\/haberbesiktas.tr\/?p=29824"},"modified":"2025-05-13T10:12:18","modified_gmt":"2025-05-13T10:12:18","slug":"yunus-akgun-istedigimiz-galatasaray-bu","status":"publish","type":"post","link":"https:\/\/haberbesiktas.tr\/?p=29824","title":{"rendered":"Yunus Akg\u00fcn: &#8220;\u0130stedi\u011fimiz Galatasaray bu&#8221;"},"content":{"rendered":"<div>Galatasaray&#8217;da Yunus Akg\u00fcn, Antalyaspor ma\u00e7\u0131 sonras\u0131 konu\u015ftu.<\/p>\n<p> Ulusal futbolcu,<strong> &#8220;\u00c7ok memnunum. Kadro arkada\u015flar\u0131m\u0131 kutluyorum. \u0130stedi\u011fimiz Galatasaray bu, bir m\u00fchlet buna orta vermi\u015ftik. Art\u0131k t\u00fcm ma\u00e7lar\u0131 bu t\u00fcrl\u00fc oynamak istiyoruz. Taraftar\u0131m\u0131z bize inan\u0131lmaz takviye verdi. Ulusal ortadan evvel bu t\u00fcrl\u00fc bir skor almak bizim motive etti. \u00c7ok memnunum. \u0130n\u015fallah bu t\u00fcrl\u00fc devam ederiz ulusal ortadan sonra.&#8221;<\/strong> dedi.<\/p>\n<p> Yunus Akg\u00fcn, Osimhen ile ilgili, <strong>&#8220;Osimhen, bizim i\u00e7in \u00e7ok k\u0131ymetli bir oyuncu. Her vakit elinden geleni yap\u0131yor. G\u00fcc\u00fc \u00e7ok y\u00fcksek. \u00c7ok b\u00fcy\u00fck bir golc\u00fc. \u0130n\u015fallah bu t\u00fcrl\u00fc devam ederiz.&#8221;<\/strong> kelamlar\u0131n\u0131 sarf etti.<\/p>\n<\/div>\n<p><\/p>\n","protected":false},"excerpt":{"rendered":"<p>Galatasaray formas\u0131 giyen Yunus Akg\u00fcn, Antalyaspor ma\u00e7\u0131 sonras\u0131 konu\u015ftu.<\/p>\n","protected":false},"author":1,"featured_media":29825,"comment_status":"open","ping_status":"open","sticky":false,"template":"","format":"standard","meta":{"footnotes":""},"categories":[25],"tags":[],"class_list":["post-29824","post","type-post","status-publish","format-standard","has-post-thumbnail","hentry","category-futbol"],"_links":{"self":[{"href":"https:\/\/haberbesiktas.tr\/index.php?rest_route=\/wp\/v2\/posts\/29824","targetHints":{"allow":["GET"]}}],"collection":[{"href":"https:\/\/haberbesiktas.tr\/index.php?rest_route=\/wp\/v2\/posts"}],"about":[{"href":"https:\/\/haberbesiktas.tr\/index.php?rest_route=\/wp\/v2\/types\/post"}],"author":[{"embeddable":true,"href":"https:\/\/haberbesiktas.tr\/index.php?rest_route=\/wp\/v2\/users\/1"}],"replies":[{"embeddable":true,"href":"https:\/\/haberbesiktas.tr\/index.php?rest_route=%2Fwp%2Fv2%2Fcomments&post=29824"}],"version-history":[{"count":1,"href":"https:\/\/haberbesiktas.tr\/index.php?rest_route=\/wp\/v2\/posts\/29824\/revisions"}],"predecessor-version":[{"id":29826,"href":"https:\/\/haberbesiktas.tr\/index.php?rest_route=\/wp\/v2\/posts\/29824\/revisions\/29826"}],"wp:featuredmedia":[{"embeddable":true,"href":"https:\/\/haberbesiktas.tr\/index.php?rest_route=\/wp\/v2\/media\/29825"}],"wp:attachment":[{"href":"https:\/\/haberbesiktas.tr\/index.php?rest_route=%2Fwp%2Fv2%2Fmedia&parent=29824"}],"wp:term":[{"taxonomy":"category","embeddable":true,"href":"https:\/\/haberbesiktas.tr\/index.php?rest_route=%2Fwp%2Fv2%2Fcategories&post=29824"},{"taxonomy":"post_tag","embeddable":true,"href":"https:\/\/haberbesiktas.tr\/index.php?rest_route=%2Fwp%2Fv2%2Ftags&post=29824"}],"curies":[{"name":"wp","href":"https:\/\/api.w.org\/{rel}","templated":true}]}}