{"id":29827,"date":"2025-05-13T10:24:17","date_gmt":"2025-05-13T10:24:17","guid":{"rendered":"https:\/\/haberbesiktas.tr\/?p=29827"},"modified":"2025-05-13T10:24:17","modified_gmt":"2025-05-13T10:24:17","slug":"musleradan-fenerbahce-ve-besiktas-aciklamasi","status":"publish","type":"post","link":"https:\/\/haberbesiktas.tr\/?p=29827","title":{"rendered":"Muslera&#8217;dan Fenerbah\u00e7e ve Be\u015fikta\u015f a\u00e7\u0131klamas\u0131!"},"content":{"rendered":"<div>\n<p>Ad\u0131m ad\u0131ma finale yakla\u015ft\u0131klar\u0131na vurgu yapan Fernando Muslera <strong>&#8220;Taraftar\u0131m\u0131za \u00e7ok te\u015fekk\u00fcr ederim. Dayanaklar\u0131n\u0131 hi\u00e7 eksik etmediler. Finale az kala ger\u00e7ek oyunumuzu g\u00f6stermemizi sa\u011flad\u0131lar. B\u00fcy\u00fck ma\u00e7lar olacak. B\u00fcy\u00fck ma\u00e7lar \u00f6ncesi motive etti\u00a0bu\u00a0da\u00a0bizi.&#8221;<\/strong> dedi.\u00a0<\/p>\n<p> <strong>&#8220;\u00c7OK FAZLA KONU\u015eMA OLDU&#8221;<\/strong><\/p>\n<p> Ekibin \u00e7\u0131k\u0131\u015fa ge\u00e7mesi i\u00e7in \u00e7ok fazla konu\u015fma yapt\u0131klar\u0131n\u0131 s\u00f6yleyen Muslera <strong>&#8220;Do\u011frusu b\u00fcy\u00fck oyunculardan ve b\u00fcy\u00fck mantalitelerden olu\u015fan bir ekibiz. Uzun bir d\u00f6nem, ini\u015fler ve \u00e7\u0131k\u0131\u015flar olabiliyor. Alanyaspor ve bu ma\u00e7ta \u00e7ok konu\u015fmalar oldu ortam\u0131zda, hocam\u0131z bizimle konu\u015ftu. Ba\u015flayanlar, devam edenler, herkes b\u00fcy\u00fck ba\u015far\u0131lara imza atmak isteyen oyuncular. Motivasyonumuz en \u00fcst d\u00fczeyde.&#8221;<\/strong> s\u00f6zlerini kulland\u0131.\u00a0<\/p>\n<p> <strong>BE\u015e\u0130KTA\u015e, FENERBAH\u00c7E, KUPA<\/strong><\/p>\n<p> Be\u015fikta\u015f konut Fenerbah\u00e7e ile oynayacaklar\u0131 derbilerle ilgili g\u00f6r\u00fc\u015f\u00fc istenen Muslara <strong>&#8220;Derbiler en g\u00fczelleridir. Futbolun g\u00f6steri oldu\u011fu, \u015fov oldu\u011fu ma\u00e7lard\u0131r. Oyuncular kendilerini g\u00f6stermek isterler. \u00d6n\u00fcm\u00fczde iki derbi var. Bunlar \u00e7ok de\u011ferli. \u0130kisinde de tezli olmam\u0131z gerekiyor. Kazan\u0131lacak bir kupa varsa ,Galatasaray kupa i\u00e7in her \u015feyini verecektir.&#8221;<\/strong> dedi.<\/p>\n<\/div>\n<p><\/p>\n","protected":false},"excerpt":{"rendered":"<p>Galatasaray&#8217;\u0131n Uruguayl\u0131 kalecisi Fernando Muslera, Antalyaspor m\u00fcsabakas\u0131n\u0131n akabinde a\u00e7\u0131klamalarda bulundu.<\/p>\n","protected":false},"author":1,"featured_media":29828,"comment_status":"open","ping_status":"open","sticky":false,"template":"","format":"standard","meta":{"footnotes":""},"categories":[25],"tags":[],"class_list":["post-29827","post","type-post","status-publish","format-standard","has-post-thumbnail","hentry","category-futbol"],"_links":{"self":[{"href":"https:\/\/haberbesiktas.tr\/index.php?rest_route=\/wp\/v2\/posts\/29827","targetHints":{"allow":["GET"]}}],"collection":[{"href":"https:\/\/haberbesiktas.tr\/index.php?rest_route=\/wp\/v2\/posts"}],"about":[{"href":"https:\/\/haberbesiktas.tr\/index.php?rest_route=\/wp\/v2\/types\/post"}],"author":[{"embeddable":true,"href":"https:\/\/haberbesiktas.tr\/index.php?rest_route=\/wp\/v2\/users\/1"}],"replies":[{"embeddable":true,"href":"https:\/\/haberbesiktas.tr\/index.php?rest_route=%2Fwp%2Fv2%2Fcomments&post=29827"}],"version-history":[{"count":1,"href":"https:\/\/haberbesiktas.tr\/index.php?rest_route=\/wp\/v2\/posts\/29827\/revisions"}],"predecessor-version":[{"id":29829,"href":"https:\/\/haberbesiktas.tr\/index.php?rest_route=\/wp\/v2\/posts\/29827\/revisions\/29829"}],"wp:featuredmedia":[{"embeddable":true,"href":"https:\/\/haberbesiktas.tr\/index.php?rest_route=\/wp\/v2\/media\/29828"}],"wp:attachment":[{"href":"https:\/\/haberbesiktas.tr\/index.php?rest_route=%2Fwp%2Fv2%2Fmedia&parent=29827"}],"wp:term":[{"taxonomy":"category","embeddable":true,"href":"https:\/\/haberbesiktas.tr\/index.php?rest_route=%2Fwp%2Fv2%2Fcategories&post=29827"},{"taxonomy":"post_tag","embeddable":true,"href":"https:\/\/haberbesiktas.tr\/index.php?rest_route=%2Fwp%2Fv2%2Ftags&post=29827"}],"curies":[{"name":"wp","href":"https:\/\/api.w.org\/{rel}","templated":true}]}}