{"id":29833,"date":"2025-05-13T10:48:19","date_gmt":"2025-05-13T10:48:19","guid":{"rendered":"https:\/\/haberbesiktas.tr\/?p=29833"},"modified":"2025-05-13T10:48:19","modified_gmt":"2025-05-13T10:48:19","slug":"emre-belozogludan-galatasaray-ve-fenerbahce-sozleri","status":"publish","type":"post","link":"https:\/\/haberbesiktas.tr\/?p=29833","title":{"rendered":"Emre Bel\u00f6zo\u011flu&#8217;dan Galatasaray ve Fenerbah\u00e7e s\u00f6zleri!"},"content":{"rendered":"<div>Antalyaspor Teknik Y\u00f6neticisi Emre Bel\u00f6zo\u011flu, Galatasaray ma\u00e7\u0131n\u0131n akabinde konu\u015ftu.<\/p>\n<p> Emre Bel\u00f6zo\u011flu<strong>, &#8220;Oyuncular elinden geleni yapt\u0131. Gole kadar \u00e7al\u0131\u015ft\u0131\u011f\u0131m\u0131z Galatasaray vard\u0131. \u00dcz\u00fcld\u00fc\u011f\u00fcm taraf, geldi\u011fimizden beri Fenerbah\u00e7e ma\u00e7\u0131n\u0131n birinci 30 dakikas\u0131, Galatasaray kar\u015f\u0131s\u0131nda golden sonraki s\u00fcre\u00e7&#8230; Bug\u00fcne kadar 40-45 idman yapt\u0131k, bunlar\u0131n 30 tanesi defansif idmanlar. Defansif manada zahmetleri olan bir grubuz. Bu gruptaki oyunculara kar\u015f\u0131 \u00e7ok daha yak\u0131n durman\u0131z gerekiyor. Bunlara \u00e7al\u0131\u015ft\u0131k lakin yapamad\u0131k. Futbolda bunlar var. Futbolculuk devrinde \u015fampiyonluklar, kupalar&#8230; Bizim de mukadderat\u0131m\u0131zda bu s\u00fcre\u00e7leri y\u00f6netmek var. Zorland\u0131\u011f\u0131m\u0131z k\u0131s\u0131mlar bunlar. Onun d\u0131\u015f\u0131nda kendi g\u00fc\u00e7lerince elinden geleni yapmaya \u00e7al\u0131\u015ft\u0131 oyuncular. Geldi\u011fimden bu yana Fenerbah\u00e7e ma\u00e7\u0131n\u0131n 30 dakikas\u0131, Galatasaray ma\u00e7\u0131nda golden sonraki s\u00fcre\u00e7 d\u0131\u015f\u0131nda kendi ekibim kendi g\u00fcc\u00fcne nazaran \u00e7ok yeterli oynad\u0131.&#8221;<\/strong> dedi.<\/p>\n<p> Bel\u00f6zo\u011flu, <strong>&#8220;Ben bu ekibe gelirken her \u015feyi kabul ettim. Oyuncu eksikli\u011finden \u015fikayet edemem. Vazifeye bu halde geldik, \u015fikayet edecek teknik adam da de\u011filim. Birebirde yapmam\u0131z gereken \u00e7ok daha net bir duru\u015ftu. Oyuncular bunu yapmaya \u00e7al\u0131\u015ft\u0131lar fakat onlara bu f\u0131rsat\u0131 verdi\u011finizde yetenekli oyuncular\u0131 var Galatasaray&#8217;\u0131n. \u00c7ok \u00fczg\u00fcn\u00fcz, samimi s\u00f6yl\u00fcyorum. Bizim bir an evvel art bloktan uzakla\u015fmam\u0131z gerekiyor. Bunu da yapabilece\u011fimiz g\u00fcc\u00fcm\u00fcz var. Bunu da yapmak ismine yolumuza tekrar ba\u015flamam\u0131z gerekiyor.&#8221;<\/strong> kelamlar\u0131n\u0131 sarf etti.<\/p>\n<\/div>\n<p><\/p>\n","protected":false},"excerpt":{"rendered":"<p>Antalyaspor Teknik Y\u00f6neticisi Emre Bel\u00f6zo\u011flu, Galatasaray ma\u00e7\u0131n\u0131n akabinde konu\u015ftu.<\/p>\n","protected":false},"author":1,"featured_media":29834,"comment_status":"open","ping_status":"open","sticky":false,"template":"","format":"standard","meta":{"footnotes":""},"categories":[25],"tags":[129,49],"class_list":["post-29833","post","type-post","status-publish","format-standard","has-post-thumbnail","hentry","category-futbol","tag-galatasaray","tag-oyuncu"],"_links":{"self":[{"href":"https:\/\/haberbesiktas.tr\/index.php?rest_route=\/wp\/v2\/posts\/29833","targetHints":{"allow":["GET"]}}],"collection":[{"href":"https:\/\/haberbesiktas.tr\/index.php?rest_route=\/wp\/v2\/posts"}],"about":[{"href":"https:\/\/haberbesiktas.tr\/index.php?rest_route=\/wp\/v2\/types\/post"}],"author":[{"embeddable":true,"href":"https:\/\/haberbesiktas.tr\/index.php?rest_route=\/wp\/v2\/users\/1"}],"replies":[{"embeddable":true,"href":"https:\/\/haberbesiktas.tr\/index.php?rest_route=%2Fwp%2Fv2%2Fcomments&post=29833"}],"version-history":[{"count":1,"href":"https:\/\/haberbesiktas.tr\/index.php?rest_route=\/wp\/v2\/posts\/29833\/revisions"}],"predecessor-version":[{"id":29835,"href":"https:\/\/haberbesiktas.tr\/index.php?rest_route=\/wp\/v2\/posts\/29833\/revisions\/29835"}],"wp:featuredmedia":[{"embeddable":true,"href":"https:\/\/haberbesiktas.tr\/index.php?rest_route=\/wp\/v2\/media\/29834"}],"wp:attachment":[{"href":"https:\/\/haberbesiktas.tr\/index.php?rest_route=%2Fwp%2Fv2%2Fmedia&parent=29833"}],"wp:term":[{"taxonomy":"category","embeddable":true,"href":"https:\/\/haberbesiktas.tr\/index.php?rest_route=%2Fwp%2Fv2%2Fcategories&post=29833"},{"taxonomy":"post_tag","embeddable":true,"href":"https:\/\/haberbesiktas.tr\/index.php?rest_route=%2Fwp%2Fv2%2Ftags&post=29833"}],"curies":[{"name":"wp","href":"https:\/\/api.w.org\/{rel}","templated":true}]}}