{"id":29842,"date":"2025-05-13T11:24:16","date_gmt":"2025-05-13T11:24:16","guid":{"rendered":"https:\/\/haberbesiktas.tr\/?p=29842"},"modified":"2025-05-13T11:24:16","modified_gmt":"2025-05-13T11:24:16","slug":"galatasaraydan-fenerbahceye-on-puanlik-fark","status":"publish","type":"post","link":"https:\/\/haberbesiktas.tr\/?p=29842","title":{"rendered":"Galatasaray&#8217;dan Fenerbah\u00e7e&#8217;ye on puanl\u0131k fark!"},"content":{"rendered":"<div>\n<p>Galatasaray, ma\u00e7 ziyadesiyle en yak\u0131n takip\u00e7isi Fenerbah\u00e7e ile ortas\u0131ndaki puan fark\u0131n\u0131 10&#8217;a \u00e7\u0131kard\u0131.\u00a0<\/p>\n<p> Haftaya 68 puanla giren sar\u0131-k\u0131rm\u0131z\u0131l\u0131 tak\u0131m, Antalyaspor&#8217;u farkl\u0131 ge\u00e7erek puan\u0131n\u0131 71&#8217;e y\u00fckseltti. Galatasaray, 2 ma\u00e7 eksi\u011fiyle 61 puan\u0131 olan ikinci s\u0131radaki Fenerbah\u00e7e&#8217;ye 10 puanl\u0131k fark att\u0131.<\/p>\n<p> M\u00fcsabakan\u0131n bitiminden sonra stat hoparl\u00f6rlerinden Ceza&#8217;n\u0131n &#8220;Fark var&#8221; m\u00fczi\u011fi \u00e7al\u0131narak rakiplerine g\u00f6nderme yap\u0131ld\u0131.<\/p>\n<p> Hafta i\u00e7inde UEFA Avrupa Ligi&#8217;nden elenen sar\u0131-lacivertliler, 16 Mart Pazar g\u00fcn\u00fc Reeder Samsunspor&#8217;u konuk edecek.<\/p>\n<\/div>\n<p><\/p>\n","protected":false},"excerpt":{"rendered":"<p>Antalyaspor&#8217;u farkl\u0131 ma\u011flup eden Galatasaray, ma\u00e7 ziyadesiyle en yak\u0131n rakibi Fenerbah\u00e7e ile ortas\u0131ndaki puan fark\u0131n\u0131 10&#8217;a \u00e7\u0131kard\u0131.<\/p>\n","protected":false},"author":1,"featured_media":29843,"comment_status":"open","ping_status":"open","sticky":false,"template":"","format":"standard","meta":{"footnotes":""},"categories":[25],"tags":[],"class_list":["post-29842","post","type-post","status-publish","format-standard","has-post-thumbnail","hentry","category-futbol"],"_links":{"self":[{"href":"https:\/\/haberbesiktas.tr\/index.php?rest_route=\/wp\/v2\/posts\/29842","targetHints":{"allow":["GET"]}}],"collection":[{"href":"https:\/\/haberbesiktas.tr\/index.php?rest_route=\/wp\/v2\/posts"}],"about":[{"href":"https:\/\/haberbesiktas.tr\/index.php?rest_route=\/wp\/v2\/types\/post"}],"author":[{"embeddable":true,"href":"https:\/\/haberbesiktas.tr\/index.php?rest_route=\/wp\/v2\/users\/1"}],"replies":[{"embeddable":true,"href":"https:\/\/haberbesiktas.tr\/index.php?rest_route=%2Fwp%2Fv2%2Fcomments&post=29842"}],"version-history":[{"count":1,"href":"https:\/\/haberbesiktas.tr\/index.php?rest_route=\/wp\/v2\/posts\/29842\/revisions"}],"predecessor-version":[{"id":29844,"href":"https:\/\/haberbesiktas.tr\/index.php?rest_route=\/wp\/v2\/posts\/29842\/revisions\/29844"}],"wp:featuredmedia":[{"embeddable":true,"href":"https:\/\/haberbesiktas.tr\/index.php?rest_route=\/wp\/v2\/media\/29843"}],"wp:attachment":[{"href":"https:\/\/haberbesiktas.tr\/index.php?rest_route=%2Fwp%2Fv2%2Fmedia&parent=29842"}],"wp:term":[{"taxonomy":"category","embeddable":true,"href":"https:\/\/haberbesiktas.tr\/index.php?rest_route=%2Fwp%2Fv2%2Fcategories&post=29842"},{"taxonomy":"post_tag","embeddable":true,"href":"https:\/\/haberbesiktas.tr\/index.php?rest_route=%2Fwp%2Fv2%2Ftags&post=29842"}],"curies":[{"name":"wp","href":"https:\/\/api.w.org\/{rel}","templated":true}]}}