{"id":29845,"date":"2025-05-13T11:36:17","date_gmt":"2025-05-13T11:36:17","guid":{"rendered":"https:\/\/haberbesiktas.tr\/?p=29845"},"modified":"2025-05-13T11:36:17","modified_gmt":"2025-05-13T11:36:17","slug":"galatasaraydan-28-maclik-yenilmezlik-serisi","status":"publish","type":"post","link":"https:\/\/haberbesiktas.tr\/?p=29845","title":{"rendered":"Galatasaray&#8217;dan 28 ma\u00e7l\u0131k yenilmezlik serisi!"},"content":{"rendered":"<div>\n<p>Galatasaray, Harika Lig&#8217;deki yenilmezlik serisini 28 ma\u00e7a ta\u015f\u0131d\u0131.<\/p>\n<p> Ligde son yenilgisini ge\u00e7en d\u00f6nemin 37. haftas\u0131nda alan\u0131ndaki Fenerbah\u00e7e derbisinde ya\u015fayan sar\u0131-k\u0131rm\u0131z\u0131l\u0131lar, ge\u00e7en d\u00f6nem 1, bu d\u00f6nem da 27 kar\u015f\u0131la\u015fmada ma\u011flubiyet y\u00fcz\u00fc g\u00f6rmedi.<\/p>\n<p> Kelam konusu ma\u00e7larda 23. galibiyetini alan Galatasaray, 5 m\u00fcsabakadan da beraberlikle ayr\u0131ld\u0131.<\/p>\n<\/div>\n<p><\/p>\n","protected":false},"excerpt":{"rendered":"<p>S\u00fcper Lig&#8217;de son hezimetini ge\u00e7en d\u00f6nem ya\u015fayan Galatasaray, \u00fcst \u00fcste 28. ma\u00e7\u0131nda da kaybetmeyerek serisini s\u00fcrd\u00fcrd\u00fc.<\/p>\n","protected":false},"author":1,"featured_media":29846,"comment_status":"open","ping_status":"open","sticky":false,"template":"","format":"standard","meta":{"footnotes":""},"categories":[25],"tags":[],"class_list":["post-29845","post","type-post","status-publish","format-standard","has-post-thumbnail","hentry","category-futbol"],"_links":{"self":[{"href":"https:\/\/haberbesiktas.tr\/index.php?rest_route=\/wp\/v2\/posts\/29845","targetHints":{"allow":["GET"]}}],"collection":[{"href":"https:\/\/haberbesiktas.tr\/index.php?rest_route=\/wp\/v2\/posts"}],"about":[{"href":"https:\/\/haberbesiktas.tr\/index.php?rest_route=\/wp\/v2\/types\/post"}],"author":[{"embeddable":true,"href":"https:\/\/haberbesiktas.tr\/index.php?rest_route=\/wp\/v2\/users\/1"}],"replies":[{"embeddable":true,"href":"https:\/\/haberbesiktas.tr\/index.php?rest_route=%2Fwp%2Fv2%2Fcomments&post=29845"}],"version-history":[{"count":1,"href":"https:\/\/haberbesiktas.tr\/index.php?rest_route=\/wp\/v2\/posts\/29845\/revisions"}],"predecessor-version":[{"id":29847,"href":"https:\/\/haberbesiktas.tr\/index.php?rest_route=\/wp\/v2\/posts\/29845\/revisions\/29847"}],"wp:featuredmedia":[{"embeddable":true,"href":"https:\/\/haberbesiktas.tr\/index.php?rest_route=\/wp\/v2\/media\/29846"}],"wp:attachment":[{"href":"https:\/\/haberbesiktas.tr\/index.php?rest_route=%2Fwp%2Fv2%2Fmedia&parent=29845"}],"wp:term":[{"taxonomy":"category","embeddable":true,"href":"https:\/\/haberbesiktas.tr\/index.php?rest_route=%2Fwp%2Fv2%2Fcategories&post=29845"},{"taxonomy":"post_tag","embeddable":true,"href":"https:\/\/haberbesiktas.tr\/index.php?rest_route=%2Fwp%2Fv2%2Ftags&post=29845"}],"curies":[{"name":"wp","href":"https:\/\/api.w.org\/{rel}","templated":true}]}}