{"id":29883,"date":"2025-05-13T14:00:16","date_gmt":"2025-05-13T14:00:16","guid":{"rendered":"https:\/\/haberbesiktas.tr\/?p=29883"},"modified":"2025-05-13T14:00:16","modified_gmt":"2025-05-13T14:00:16","slug":"genclerbirliginde-102-kurulus-yil-donumu-kutlandi","status":"publish","type":"post","link":"https:\/\/haberbesiktas.tr\/?p=29883","title":{"rendered":"Gen\u00e7lerbirli\u011fi&#8217;nde 102. kurulu\u015f y\u0131l d\u00f6n\u00fcm\u00fc kutland\u0131"},"content":{"rendered":"<div>\n<p>Gen\u00e7lerbirli\u011fi Kul\u00fcb\u00fc, kurulu\u015funun 102. y\u0131l\u0131n\u0131 toplumsal tesislerinde emektar \u00e7al\u0131\u015fanlar\u0131yla kutlad\u0131.<\/p>\n<p> Kul\u00fcb\u00fcn a\u00e7\u0131klamas\u0131na nazaran Be\u015ftepe \u0130lhan Cavcav Tesisleri i\u00e7erisinde yer alan toplumsal tesislerdeki iftar yeme\u011finin akabinde yap\u0131lan kutlamaya lider Osman Sungur, y\u00f6netim kurulu, divan, disiplin ve denetleme kurulu \u00fcyeleri, teknik y\u00f6netici H\u00fcseyin Ero\u011flu, kul\u00fcp y\u00f6neticileri, altyap\u0131 antren\u00f6rleri ve kul\u00fcp \u00e7al\u0131\u015fan\u0131 kat\u0131ld\u0131.\u00a0<\/p>\n<p> Gen\u00e7lerbirli\u011fi Kul\u00fcb\u00fc Lideri Osman Sungur, yapt\u0131\u011f\u0131 konu\u015fmada, bir Ankaral\u0131 olarak Cumhuriyet ile ya\u015f\u0131t Gen\u00e7lerbirli\u011fi&#8217;ne hizmet etmekten gurur duydu\u011funu belirterek, \u015fu tabirleri kulland\u0131:<\/p>\n<p> <strong>&#8220;Herkes bilsin ki bizim ard\u0131m\u0131zda tam 102 y\u0131ll\u0131k bir emek var. 102 y\u0131l boyunca Gen\u00e7lerbirli\u011fi&#8217;mizin formas\u0131n\u0131 terletmi\u015f futbolcular\u0131m\u0131za, kul\u00fcb\u00fcm\u00fcze hizmet etmi\u015f \u00e7al\u0131\u015fanlar\u0131m\u0131za ve y\u00f6neticilerimize, centilmenli\u011fiyle \u00f6n plana \u00e7\u0131km\u0131\u015f nezih taraftar\u0131m\u0131za te\u015fekk\u00fcr ediyorum. Kul\u00fcb\u00fcm\u00fcz\u00fc kuranlara, bug\u00fcnlere gelmesinde emek harcayanlara kar\u015f\u0131 bir misyonumuz var. Hepimizi memnun eden ortak maksad\u0131m\u0131z Gen\u00e7lerbirli\u011fi&#8217;mizin sportif ba\u015far\u0131s\u0131d\u0131r. En b\u00fcy\u00fck gayemiz kadrosu \u00dcst\u00fcn Lig&#8217;e ta\u015f\u0131makt\u0131r.&#8221;\u00a0<\/strong><\/p>\n<p> \u0130ftar yeme\u011fi sonras\u0131 yap\u0131lan kutlama, toplu olarak \u00e7ektirilen hat\u0131ra foto\u011fraf\u0131yla son buldu.<\/p>\n<\/div>\n<p><\/p>\n","protected":false},"excerpt":{"rendered":"<p>Ba\u015f\u015fehir grubu Gen\u00e7lerbirli\u011fi, kurulu\u015funun 102. y\u0131l\u0131n\u0131 toplumsal tesislerinde iftar yeme\u011fiyle kutlad\u0131.<\/p>\n","protected":false},"author":1,"featured_media":29884,"comment_status":"open","ping_status":"open","sticky":false,"template":"","format":"standard","meta":{"footnotes":""},"categories":[25],"tags":[1031],"class_list":["post-29883","post","type-post","status-publish","format-standard","has-post-thumbnail","hentry","category-futbol","tag-genclerbirligi"],"_links":{"self":[{"href":"https:\/\/haberbesiktas.tr\/index.php?rest_route=\/wp\/v2\/posts\/29883","targetHints":{"allow":["GET"]}}],"collection":[{"href":"https:\/\/haberbesiktas.tr\/index.php?rest_route=\/wp\/v2\/posts"}],"about":[{"href":"https:\/\/haberbesiktas.tr\/index.php?rest_route=\/wp\/v2\/types\/post"}],"author":[{"embeddable":true,"href":"https:\/\/haberbesiktas.tr\/index.php?rest_route=\/wp\/v2\/users\/1"}],"replies":[{"embeddable":true,"href":"https:\/\/haberbesiktas.tr\/index.php?rest_route=%2Fwp%2Fv2%2Fcomments&post=29883"}],"version-history":[{"count":1,"href":"https:\/\/haberbesiktas.tr\/index.php?rest_route=\/wp\/v2\/posts\/29883\/revisions"}],"predecessor-version":[{"id":29885,"href":"https:\/\/haberbesiktas.tr\/index.php?rest_route=\/wp\/v2\/posts\/29883\/revisions\/29885"}],"wp:featuredmedia":[{"embeddable":true,"href":"https:\/\/haberbesiktas.tr\/index.php?rest_route=\/wp\/v2\/media\/29884"}],"wp:attachment":[{"href":"https:\/\/haberbesiktas.tr\/index.php?rest_route=%2Fwp%2Fv2%2Fmedia&parent=29883"}],"wp:term":[{"taxonomy":"category","embeddable":true,"href":"https:\/\/haberbesiktas.tr\/index.php?rest_route=%2Fwp%2Fv2%2Fcategories&post=29883"},{"taxonomy":"post_tag","embeddable":true,"href":"https:\/\/haberbesiktas.tr\/index.php?rest_route=%2Fwp%2Fv2%2Ftags&post=29883"}],"curies":[{"name":"wp","href":"https:\/\/api.w.org\/{rel}","templated":true}]}}