{"id":29890,"date":"2025-05-13T14:24:18","date_gmt":"2025-05-13T14:24:18","guid":{"rendered":"https:\/\/haberbesiktas.tr\/?p=29890"},"modified":"2025-05-13T14:24:18","modified_gmt":"2025-05-13T14:24:18","slug":"okan-buruktan-fenerbahce-maci-icin-aciklama","status":"publish","type":"post","link":"https:\/\/haberbesiktas.tr\/?p=29890","title":{"rendered":"Okan Buruk&#8217;tan Fenerbah\u00e7e ma\u00e7\u0131 i\u00e7in a\u00e7\u0131klama!"},"content":{"rendered":"<div>Galatasaray Teknik Y\u00f6neticisi Okan Buruk, Antalyaspor ma\u00e7\u0131n\u0131n akabinde Fenerbah\u00e7e ile oynayacaklar\u0131 T\u00fcrkiye Kupas\u0131 ma\u00e7\u0131 hakk\u0131nda a\u00e7\u0131klamalarda bulundu.<\/p>\n<p>\u0130\u015fte Okan Buruk&#8217;un o a\u00e7\u0131klamas\u0131;<\/p>\n<p><strong>&#8220;Kupada Fenerbah\u00e7e&#8217;ye kar\u015f\u0131 oynayaca\u011f\u0131z. Burada kendi a\u00e7\u0131mdan daha rahat edebilece\u011fim yer kupa ma\u00e7\u0131ndan sonra bay ge\u00e7memiz. O y\u00fczden b\u00fct\u00fcn g\u00fcc\u00fcm\u00fczle alanda olaca\u011f\u0131z. \u0130ki de\u011ferli deplasman\u0131 kazanmak i\u00e7in alanda olaca\u011f\u0131z.&#8221;<\/strong><\/div>\n<p><\/p>\n","protected":false},"excerpt":{"rendered":"<p>Galatasaray Teknik Y\u00f6neticisi Okan Buruk, Antalyaspor ma\u00e7\u0131n\u0131n akabinde Fenerbah\u00e7e ile oynayacaklar\u0131 kupa ma\u00e7\u0131 hakk\u0131nda konu\u015ftu.<\/p>\n","protected":false},"author":1,"featured_media":29891,"comment_status":"open","ping_status":"open","sticky":false,"template":"","format":"standard","meta":{"footnotes":""},"categories":[25],"tags":[],"class_list":["post-29890","post","type-post","status-publish","format-standard","has-post-thumbnail","hentry","category-futbol"],"_links":{"self":[{"href":"https:\/\/haberbesiktas.tr\/index.php?rest_route=\/wp\/v2\/posts\/29890","targetHints":{"allow":["GET"]}}],"collection":[{"href":"https:\/\/haberbesiktas.tr\/index.php?rest_route=\/wp\/v2\/posts"}],"about":[{"href":"https:\/\/haberbesiktas.tr\/index.php?rest_route=\/wp\/v2\/types\/post"}],"author":[{"embeddable":true,"href":"https:\/\/haberbesiktas.tr\/index.php?rest_route=\/wp\/v2\/users\/1"}],"replies":[{"embeddable":true,"href":"https:\/\/haberbesiktas.tr\/index.php?rest_route=%2Fwp%2Fv2%2Fcomments&post=29890"}],"version-history":[{"count":1,"href":"https:\/\/haberbesiktas.tr\/index.php?rest_route=\/wp\/v2\/posts\/29890\/revisions"}],"predecessor-version":[{"id":29892,"href":"https:\/\/haberbesiktas.tr\/index.php?rest_route=\/wp\/v2\/posts\/29890\/revisions\/29892"}],"wp:featuredmedia":[{"embeddable":true,"href":"https:\/\/haberbesiktas.tr\/index.php?rest_route=\/wp\/v2\/media\/29891"}],"wp:attachment":[{"href":"https:\/\/haberbesiktas.tr\/index.php?rest_route=%2Fwp%2Fv2%2Fmedia&parent=29890"}],"wp:term":[{"taxonomy":"category","embeddable":true,"href":"https:\/\/haberbesiktas.tr\/index.php?rest_route=%2Fwp%2Fv2%2Fcategories&post=29890"},{"taxonomy":"post_tag","embeddable":true,"href":"https:\/\/haberbesiktas.tr\/index.php?rest_route=%2Fwp%2Fv2%2Ftags&post=29890"}],"curies":[{"name":"wp","href":"https:\/\/api.w.org\/{rel}","templated":true}]}}