{"id":29903,"date":"2025-05-13T15:12:17","date_gmt":"2025-05-13T15:12:17","guid":{"rendered":"https:\/\/haberbesiktas.tr\/?p=29903"},"modified":"2025-05-13T15:12:17","modified_gmt":"2025-05-13T15:12:17","slug":"fenerbahce-4-eksikle-samsunsporu-konuk-edecek","status":"publish","type":"post","link":"https:\/\/haberbesiktas.tr\/?p=29903","title":{"rendered":"Fenerbah\u00e7e, 4 eksikle Samsunspor&#8217;u konuk edecek"},"content":{"rendered":"<div>Fenerbah\u00e7e, Trendyol Muhte\u015fem Lig&#8217;in 28. haftas\u0131nda pazar Reeder Samsunspor&#8217;u konuk edecek.<\/p>\n<p> \u00dclker Stad\u0131&#8217;nda saat 20.30&#8217;da ba\u015flayacak kar\u015f\u0131la\u015fmay\u0131, hakem Cihan Ayd\u0131n y\u00f6netecek.<\/p>\n<p> Oynad\u0131\u011f\u0131 son 20 resmi kar\u015f\u0131la\u015fmada tek yenilgisini Rangers&#8217;a kar\u015f\u0131 ya\u015fayan Fenerbah\u00e7e, bu s\u00fcre\u00e7te 5 beraberlik, 14 galibiyet elde etti.<\/p>\n<p> Teknik y\u00f6netici Jose Mourinho&#8217;nun ekibi, ligde ise oynad\u0131\u011f\u0131 son 11 kar\u015f\u0131la\u015fmada rakiplerine boyun e\u011fmedi.<\/p>\n<p> Sar\u0131-lacivertliler, haftaya 2 ma\u00e7 eksi\u011fiyle \u00f6nder Galatasaray&#8217;\u0131n 10 puan gerisinde giriyor.<\/p>\n<p> Ligin birinci yar\u0131s\u0131nda iki ekip ortas\u0131nda Samsun&#8217;da oynanan m\u00fcsabaka 2-2 beraberlikle sonu\u00e7land\u0131.<\/p>\n<p> <strong>4 eksik<\/strong><\/p>\n<p> Fenerbah\u00e7e, Reeder Samsunspor kar\u015f\u0131s\u0131nda 4 oyuncusundan faydalanamayacak.<\/p>\n<p> Sar\u0131-lacivertlilerde sakatl\u0131klar\u0131 bulunan Diego Carlos, \u00c7a\u011flar S\u00f6y\u00fcnc\u00fc, \u0130smail Y\u00fcksek ve Levent Mercan, \u015fiddetli kar\u015f\u0131la\u015fmada forma giyemeyecek.<\/p>\n<p> <strong>3 isim s\u0131n\u0131rda<\/strong><\/p>\n<p> Fenerbah\u00e7e&#8217;de 3 oyuncu sar\u0131 kart ceza hududunda bulunuyor.<\/p>\n<p> Sar\u0131-lacivertlilerde Filip Kostic ve Mert Hakan Yanda\u015f, kart g\u00f6rmeleri durumunda Bodrum FK deplasman\u0131nda forma giyemeyecek.<\/p>\n<p> Bu isimlerin yan\u0131 s\u0131ra sakatl\u0131\u011f\u0131 bulunan \u00c7a\u011flar S\u00f6y\u00fcnc\u00fc de sar\u0131 kart ceza hududunda yer al\u0131yor.\u00a0<\/p>\n<\/div>\n<p><\/p>\n","protected":false},"excerpt":{"rendered":"<p>Fenerbah\u00e7e, Trendyol \u00dcst\u00fcn Lig&#8217;in 28. haftas\u0131nda pazar alan\u0131nda Samsunspor ile kar\u015f\u0131la\u015facak.<\/p>\n","protected":false},"author":1,"featured_media":29904,"comment_status":"open","ping_status":"open","sticky":false,"template":"","format":"standard","meta":{"footnotes":""},"categories":[25],"tags":[605],"class_list":["post-29903","post","type-post","status-publish","format-standard","has-post-thumbnail","hentry","category-futbol","tag-sari"],"_links":{"self":[{"href":"https:\/\/haberbesiktas.tr\/index.php?rest_route=\/wp\/v2\/posts\/29903","targetHints":{"allow":["GET"]}}],"collection":[{"href":"https:\/\/haberbesiktas.tr\/index.php?rest_route=\/wp\/v2\/posts"}],"about":[{"href":"https:\/\/haberbesiktas.tr\/index.php?rest_route=\/wp\/v2\/types\/post"}],"author":[{"embeddable":true,"href":"https:\/\/haberbesiktas.tr\/index.php?rest_route=\/wp\/v2\/users\/1"}],"replies":[{"embeddable":true,"href":"https:\/\/haberbesiktas.tr\/index.php?rest_route=%2Fwp%2Fv2%2Fcomments&post=29903"}],"version-history":[{"count":1,"href":"https:\/\/haberbesiktas.tr\/index.php?rest_route=\/wp\/v2\/posts\/29903\/revisions"}],"predecessor-version":[{"id":29905,"href":"https:\/\/haberbesiktas.tr\/index.php?rest_route=\/wp\/v2\/posts\/29903\/revisions\/29905"}],"wp:featuredmedia":[{"embeddable":true,"href":"https:\/\/haberbesiktas.tr\/index.php?rest_route=\/wp\/v2\/media\/29904"}],"wp:attachment":[{"href":"https:\/\/haberbesiktas.tr\/index.php?rest_route=%2Fwp%2Fv2%2Fmedia&parent=29903"}],"wp:term":[{"taxonomy":"category","embeddable":true,"href":"https:\/\/haberbesiktas.tr\/index.php?rest_route=%2Fwp%2Fv2%2Fcategories&post=29903"},{"taxonomy":"post_tag","embeddable":true,"href":"https:\/\/haberbesiktas.tr\/index.php?rest_route=%2Fwp%2Fv2%2Ftags&post=29903"}],"curies":[{"name":"wp","href":"https:\/\/api.w.org\/{rel}","templated":true}]}}