{"id":29912,"date":"2025-05-13T15:48:31","date_gmt":"2025-05-13T15:48:31","guid":{"rendered":"https:\/\/haberbesiktas.tr\/?p=29912"},"modified":"2025-05-13T15:48:31","modified_gmt":"2025-05-13T15:48:31","slug":"mourinhodan-o-ismi-aglatan-soyuma-odasi-konusmasi","status":"publish","type":"post","link":"https:\/\/haberbesiktas.tr\/?p=29912","title":{"rendered":"Mourinho&#8217;dan o ismi a\u011flatan soyuma odas\u0131 konu\u015fmas\u0131!"},"content":{"rendered":"<div>Fenerbah\u00e7e, UEFA Avrupa Ligi son 16 \u00e7e\u015fidi r\u00f6van\u015f\u0131nda Rangers kar\u015f\u0131s\u0131nda alanda \u00fcst\u00fcn bir performans sergilemesine kar\u015f\u0131n, penalt\u0131 at\u0131\u015flar\u0131 sonunda turnuvaya veda etti. <\/p>\n<p>Ma\u00e7 sonras\u0131 Fenerbah\u00e7e Teknik Y\u00f6neticisi Jose Mourinho&#8217;nun soyunma odas\u0131nda yapt\u0131\u011f\u0131 duygusal konu\u015fma b\u00fcy\u00fck yank\u0131 uyand\u0131rd\u0131.<\/p>\n<p><strong>&#8220;BAZEN EN \u015eANSLI OLAN KAZANIR&#8221;<\/strong><\/p>\n<p> Portekizli teknik adam, oyuncular\u0131n\u0131 tek tek tebrik ederek, <strong>&#8220;Takti\u011fime harfiyen uydunuz. Lakin futbol bazen adaletsiz olabilir. Bug\u00fcn alanda \u00fcst\u00fcn olan taraft\u0131k lakin bazen en \u00e2l\u00e2 oynayan de\u011fil, en \u015fansl\u0131 olan kazan\u0131r. Lakin buradan b\u00fcy\u00fck dersler ve kazan\u0131mlar elde ettik,&#8221;<\/strong> s\u00f6zlerini kulland\u0131.<\/p>\n<p> Mourinho, soyunma odas\u0131nda t\u00fcm futbolcular\u0131na sar\u0131larak moral verdi ve <strong>&#8220;Hepinizle gurur duyuyorum. Siz de kendinizle gurur duymal\u0131s\u0131n\u0131z&#8221;<\/strong> dedi. Bu kelamlar\u0131n akabinde ekip i\u00e7inde b\u00fcy\u00fck bir alk\u0131\u015f koptu.<\/p>\n<p><strong>MERT HAKAN YANDA\u015e A\u011eLADI<\/strong><\/p>\n<p> Son penalt\u0131y\u0131 ka\u00e7\u0131ran Mert Hakan Yanda\u015f&#8217;\u0131n b\u00fcy\u00fck \u0131st\u0131rap ya\u015fad\u0131\u011f\u0131 ve g\u00f6zya\u015flar\u0131na hakim olamad\u0131\u011f\u0131 \u00f6\u011frenildi. Lakin grup arkada\u015flar\u0131 ve teknik heyet, ona moral vererek bu yenilginin bir son de\u011fil, daha b\u00fcy\u00fck zaferlerin ba\u015flang\u0131c\u0131 olaca\u011f\u0131n\u0131 vurgulad\u0131.<\/p>\n<\/div>\n<p><\/p>\n","protected":false},"excerpt":{"rendered":"<p>Fenerbah\u00e7e, UEFA Avrupa Ligi son 16 \u00e7e\u015fidi r\u00f6van\u015f\u0131nda Rangers&#8217;a penalt\u0131 at\u0131\u015flar\u0131 sonucu eleni\u015finin akabinde Jose Moruinho&#8217;nun futbolcular\u0131na soyuma odas\u0131nda bir konu\u015fma yapt\u0131.<\/p>\n","protected":false},"author":1,"featured_media":29913,"comment_status":"open","ping_status":"open","sticky":false,"template":"","format":"standard","meta":{"footnotes":""},"categories":[25],"tags":[241],"class_list":["post-29912","post","type-post","status-publish","format-standard","has-post-thumbnail","hentry","category-futbol","tag-tek"],"_links":{"self":[{"href":"https:\/\/haberbesiktas.tr\/index.php?rest_route=\/wp\/v2\/posts\/29912","targetHints":{"allow":["GET"]}}],"collection":[{"href":"https:\/\/haberbesiktas.tr\/index.php?rest_route=\/wp\/v2\/posts"}],"about":[{"href":"https:\/\/haberbesiktas.tr\/index.php?rest_route=\/wp\/v2\/types\/post"}],"author":[{"embeddable":true,"href":"https:\/\/haberbesiktas.tr\/index.php?rest_route=\/wp\/v2\/users\/1"}],"replies":[{"embeddable":true,"href":"https:\/\/haberbesiktas.tr\/index.php?rest_route=%2Fwp%2Fv2%2Fcomments&post=29912"}],"version-history":[{"count":1,"href":"https:\/\/haberbesiktas.tr\/index.php?rest_route=\/wp\/v2\/posts\/29912\/revisions"}],"predecessor-version":[{"id":29914,"href":"https:\/\/haberbesiktas.tr\/index.php?rest_route=\/wp\/v2\/posts\/29912\/revisions\/29914"}],"wp:featuredmedia":[{"embeddable":true,"href":"https:\/\/haberbesiktas.tr\/index.php?rest_route=\/wp\/v2\/media\/29913"}],"wp:attachment":[{"href":"https:\/\/haberbesiktas.tr\/index.php?rest_route=%2Fwp%2Fv2%2Fmedia&parent=29912"}],"wp:term":[{"taxonomy":"category","embeddable":true,"href":"https:\/\/haberbesiktas.tr\/index.php?rest_route=%2Fwp%2Fv2%2Fcategories&post=29912"},{"taxonomy":"post_tag","embeddable":true,"href":"https:\/\/haberbesiktas.tr\/index.php?rest_route=%2Fwp%2Fv2%2Ftags&post=29912"}],"curies":[{"name":"wp","href":"https:\/\/api.w.org\/{rel}","templated":true}]}}