{"id":29915,"date":"2025-05-13T16:00:17","date_gmt":"2025-05-13T16:00:17","guid":{"rendered":"https:\/\/haberbesiktas.tr\/?p=29915"},"modified":"2025-05-13T16:00:17","modified_gmt":"2025-05-13T16:00:17","slug":"jose-mourinhonun-penalti-laneti","status":"publish","type":"post","link":"https:\/\/haberbesiktas.tr\/?p=29915","title":{"rendered":"Jose Mourinho&#8217;nun penalt\u0131 laneti!"},"content":{"rendered":"<div>Fenerbah\u00e7e, birinci ma\u00e7ta meskeninde 3-1 yenildi\u011fi Rangers&#8217;\u0131 deplasmanda ola\u011fan m\u00fcddette 2-0 ma\u011flup etti. Ma\u00e7 boyunca rakibinden \u00e7ok daha \u00fcst\u00fcn oynayan Sar\u0131-Lacivertli kadro, seri penalt\u0131 at\u0131\u015flar\u0131nda 3-2 kaybederek Avrupa Ligi&#8217;ne veda etti. <\/p>\n<p>Bu ortada Jose Mourinho&#8217;nun &#8216;penalt\u0131 laneti&#8217; de ortaya \u00e7\u0131kt\u0131. Portekiz bas\u0131n\u0131, Mourinho&#8217;nun mesle\u011fi boyunca seri penalt\u0131 at\u0131\u015flar\u0131ndaki \u015fanss\u0131zl\u0131\u011f\u0131na de\u011findi. Kelam konusu haberde verilen istatistik hayli \u00e7arp\u0131c\u0131yd\u0131. Portekizli teknik adam\u0131n \u00e7al\u0131\u015ft\u0131rd\u0131\u011f\u0131 kadrolar 12 defa seri penalt\u0131 at\u0131\u015flar\u0131na kald\u0131. Tecr\u00fcbeli isim bu 12 u\u011fra\u015f\u0131n 10&#8217;unda kaybetti.<\/p>\n<p> <strong>&#8220;SPOR PS\u0130KOLOGLARIYLA \u00c7ALI\u015eTIM&#8221;<\/strong><\/p>\n<p>Portekizli teknik adam, ge\u00e7mi\u015f periyotta penalt\u0131 \u015fanss\u0131zl\u0131\u011f\u0131 ile ilgili \u015fu tabirleri kullanm\u0131\u015ft\u0131: <strong>&#8220;Her \u015feyi denedim. Spor psikologlar\u0131yla \u00e7al\u0131\u015ft\u0131m, sahne korkusu ya\u015famad\u0131\u011f\u0131n\u0131 bildi\u011fim oyuncular\u0131 se\u00e7tim ve yeniden de i\u015fe yaramad\u0131. Real Madrid ile \u015eampiyonlar Ligi yar\u0131 finalinde penalt\u0131larla elendim. Birinci penalt\u0131y\u0131 Ronaldo ka\u00e7\u0131rd\u0131, sonra Kaka ka\u00e7\u0131rd\u0131, sonra da Ramos! Chelsea formas\u0131yla \u00fc\u00e7 ay penalt\u0131 \u00e7al\u0131\u015fmas\u0131 yapt\u0131ktan sonra yar\u0131 finalde Liverpool&#8217;a elendim. Grupta Jeremy vard\u0131, penalt\u0131 uzman\u0131yd\u0131, bildi\u011fim kadar\u0131yla hi\u00e7 ka\u00e7\u0131rmazd\u0131. Yedek kul\u00fcbesindeydi onu ma\u00e7 bitimine be\u015f dakika kala penalt\u0131 i\u00e7in oyuna ald\u0131m. Lakin o da ka\u00e7\u0131rd\u0131.<\/strong><\/p>\n<p> <strong>&#8220;BO\u015eUNA OLDU\u011eUNU ANLADIM!&#8221;<\/strong><\/p>\n<p><strong>Roma&#8217;ya kar\u015f\u0131 Harika Kupa&#8217;da da penalt\u0131 \u015fanss\u0131zl\u0131\u011f\u0131 ya\u015fand\u0131. T\u00fcm seride yaln\u0131zca bir penalt\u0131 ka\u00e7\u0131r\u0131ld\u0131, o da mesle\u011finde 500 penalt\u0131 atan Francesco Totti&#8217;nin ka\u00e7\u0131rd\u0131\u011f\u0131 penalt\u0131yd\u0131! Pekala bunun mant\u0131\u011f\u0131 ne? Sonra penalt\u0131 at\u0131\u015flar\u0131n\u0131n sonucunu etkileyebilecek hi\u00e7bir \u015fey yapamayaca\u011f\u0131m\u0131 fark ettim, her \u015feyin bo\u015funa oldu\u011funu anlad\u0131m. Neler yapt\u0131\u011f\u0131ma inanamayacaks\u0131n\u0131z, daima elendim.&#8221;<\/strong> <\/p>\n<p>Sosyal medyada yap\u0131lan yorumlarda Jose Mourinho&#8217;nun Rangers ma\u00e7\u0131nda penalt\u0131 atacak oyuncular\u0131 se\u00e7me konusunda yan\u0131lg\u0131 yapt\u0131\u011f\u0131 vurguland\u0131. Fenerbah\u00e7e&#8217;de Tadic, Fred ve Mert Hakan penalt\u0131 at\u0131\u015flar\u0131ndan yararlanamam\u0131\u015ft\u0131.<\/p>\n<\/div>\n<p><\/p>\n","protected":false},"excerpt":{"rendered":"<p>Jose Mourinho, \u00e7al\u0131\u015ft\u0131rd\u0131\u011f\u0131 kadrolarda 12 seri penalt\u0131 at\u0131\u015f\u0131n\u0131n 10&#8217;unu kaybetti. Tecr\u00fcbeli isim, &#8220;Her \u015feyi denedim. Spor psikologlar\u0131yla \u00e7al\u0131\u015ft\u0131m, sahne korkusu ya\u015famad\u0131\u011f\u0131n\u0131 bildi\u011fim oyuncular\u0131 se\u00e7tim ve tekrar de i\u015fe yaramad\u0131&#8221; tabirlerini kulland\u0131.<\/p>\n","protected":false},"author":1,"featured_media":29916,"comment_status":"open","ping_status":"open","sticky":false,"template":"","format":"standard","meta":{"footnotes":""},"categories":[25],"tags":[303],"class_list":["post-29915","post","type-post","status-publish","format-standard","has-post-thumbnail","hentry","category-futbol","tag-penalti"],"_links":{"self":[{"href":"https:\/\/haberbesiktas.tr\/index.php?rest_route=\/wp\/v2\/posts\/29915","targetHints":{"allow":["GET"]}}],"collection":[{"href":"https:\/\/haberbesiktas.tr\/index.php?rest_route=\/wp\/v2\/posts"}],"about":[{"href":"https:\/\/haberbesiktas.tr\/index.php?rest_route=\/wp\/v2\/types\/post"}],"author":[{"embeddable":true,"href":"https:\/\/haberbesiktas.tr\/index.php?rest_route=\/wp\/v2\/users\/1"}],"replies":[{"embeddable":true,"href":"https:\/\/haberbesiktas.tr\/index.php?rest_route=%2Fwp%2Fv2%2Fcomments&post=29915"}],"version-history":[{"count":1,"href":"https:\/\/haberbesiktas.tr\/index.php?rest_route=\/wp\/v2\/posts\/29915\/revisions"}],"predecessor-version":[{"id":29917,"href":"https:\/\/haberbesiktas.tr\/index.php?rest_route=\/wp\/v2\/posts\/29915\/revisions\/29917"}],"wp:featuredmedia":[{"embeddable":true,"href":"https:\/\/haberbesiktas.tr\/index.php?rest_route=\/wp\/v2\/media\/29916"}],"wp:attachment":[{"href":"https:\/\/haberbesiktas.tr\/index.php?rest_route=%2Fwp%2Fv2%2Fmedia&parent=29915"}],"wp:term":[{"taxonomy":"category","embeddable":true,"href":"https:\/\/haberbesiktas.tr\/index.php?rest_route=%2Fwp%2Fv2%2Fcategories&post=29915"},{"taxonomy":"post_tag","embeddable":true,"href":"https:\/\/haberbesiktas.tr\/index.php?rest_route=%2Fwp%2Fv2%2Ftags&post=29915"}],"curies":[{"name":"wp","href":"https:\/\/api.w.org\/{rel}","templated":true}]}}