{"id":29918,"date":"2025-05-13T16:12:15","date_gmt":"2025-05-13T16:12:15","guid":{"rendered":"https:\/\/haberbesiktas.tr\/?p=29918"},"modified":"2025-05-13T16:12:15","modified_gmt":"2025-05-13T16:12:15","slug":"fatih-tekke-iki-kat-mucadele-edin-savasin-kazanin","status":"publish","type":"post","link":"https:\/\/haberbesiktas.tr\/?p=29918","title":{"rendered":"Fatih Tekke: &#8220;\u0130ki kat m\u00fccadele edin, sava\u015f\u0131n, kazan\u0131n&#8221;"},"content":{"rendered":"<div>S\u00fcper Lig&#8217;de son 4 ma\u00e7\u0131n 3&#8217;\u00fcn\u00fc kaybeden Trabzonspor&#8217;da, hafta i\u00e7inde teknik adam de\u011fi\u015fikli\u011fi ya\u015fanm\u0131\u015ft\u0131.<\/p>\n<p> \u015eenol G\u00fcne\u015f&#8217;in ayr\u0131lmas\u0131ndan sonra misyona ba\u015flayan Fatih Tekke, bug\u00fcn birinci ma\u00e7\u0131na Ba\u015fak\u015fehir kar\u015f\u0131s\u0131na \u00e7\u0131k\u0131yor ve yepisyeni bir ba\u015flang\u0131\u00e7 yapmak istiyor.<\/p>\n<p> Tekke&#8217;nin birinci gayesi deplasman kabusunu bitirmek. 47 ya\u015f\u0131ndaki hoca, kritik m\u00fcsabaka \u00f6ncesi kadrosuyla bir toplant\u0131 yapt\u0131 ve ihtarlarda bulundu.<\/p>\n<p> \u0130dmanda \u00e7al\u0131\u015ft\u0131klar\u0131n\u0131 alana yans\u0131tmalar\u0131 i\u00e7in oyuncular\u0131ndan \u00e7aba g\u00f6rmek isteyen Tekke, <strong>&#8220;Bu ma\u00e7tan alaca\u011f\u0131m\u0131z galibiyet, gelecek haftalar i\u00e7in hem bize hem toplulu\u011fumuza k\u0131ymetli bir moral olur. \u0130ki kat gayret edin&#8221;<\/strong> diye konu\u015ftu.<\/p>\n<p> <strong>&#8220;AGRES\u0130F VE D\u0130K OYNAYALIM&#8221;<\/strong><\/p>\n<p> Fatih Tekke, Ba\u015fak\u015fehir ma\u00e7\u0131n\u0131 kazanarak yeni periyoda g\u00fc\u00e7l\u00fc bir ba\u015flang\u0131\u00e7 yapmay\u0131 hedefliyor. Bu galibiyet, hem kadronun \u00f6z itimad\u0131n\u0131 art\u0131racak hem de Trabzonspor&#8217;un d\u00f6nemin geri kalan k\u0131sm\u0131nda ortaya koyaca\u011f\u0131 oyun i\u00e7in k\u0131ymetli bir ad\u0131m olacak.<\/p>\n<p> Bordo mavili hoca, kadroyla yapt\u0131\u011f\u0131 toplant\u0131da, hamle futbolunun yeni periyodun temel ta\u015f\u0131n\u0131 olu\u015fturaca\u011f\u0131n\u0131 vurgulad\u0131.<\/p>\n<p> Trabzonspor&#8217;un oyun ideolojisini bu istikamette \u015fekillendirerek, daha ofansif ve agresif bir oyun anlay\u0131\u015f\u0131n\u0131 gruba benimsetmeye \u00e7al\u0131\u015faca\u011f\u0131n\u0131 belirten Tekke, <strong>&#8220;Hi\u00e7bir rakipten korkmadan dik ve agresif oynamal\u0131y\u0131z. Bu sistemi oturtmam\u0131z gerekiyor&#8221;<\/strong> s\u00f6zlerini kulland\u0131.<\/p>\n<p> <strong>KART ALARMI<\/strong><\/p>\n<p> Ba\u015fak\u015fehir s\u0131nav\u0131 \u00f6ncesi F\u0131rt\u0131na&#8217;da 5 oyuncu sar\u0131 kart ceza hududunda yer al\u0131yor. U\u011furcan, Banza, Ozan, Lundstram ve Vi\u015f\u00e7a&#8217;n\u0131n \u00fc\u00e7er sar\u0131 kart\u0131 bulunuyor. Bu oyuncular bug\u00fcn kart g\u00f6r\u00fcrlerse G\u00f6ztepe kar\u015f\u0131s\u0131nda m\u00fchlet alamayacaklar.<\/p>\n<\/div>\n<p><\/p>\n","protected":false},"excerpt":{"rendered":"<p>Trabzonspor&#8217;un yeni hocas\u0131 Fatih Tekke, Ba\u015fak\u015fehir ma\u00e7\u0131 \u00f6ncesi oyuncular\u0131na konu\u015fma yapt\u0131.<\/p>\n","protected":false},"author":1,"featured_media":29919,"comment_status":"open","ping_status":"open","sticky":false,"template":"","format":"standard","meta":{"footnotes":""},"categories":[25],"tags":[43],"class_list":["post-29918","post","type-post","status-publish","format-standard","has-post-thumbnail","hentry","category-futbol","tag-oyun"],"_links":{"self":[{"href":"https:\/\/haberbesiktas.tr\/index.php?rest_route=\/wp\/v2\/posts\/29918","targetHints":{"allow":["GET"]}}],"collection":[{"href":"https:\/\/haberbesiktas.tr\/index.php?rest_route=\/wp\/v2\/posts"}],"about":[{"href":"https:\/\/haberbesiktas.tr\/index.php?rest_route=\/wp\/v2\/types\/post"}],"author":[{"embeddable":true,"href":"https:\/\/haberbesiktas.tr\/index.php?rest_route=\/wp\/v2\/users\/1"}],"replies":[{"embeddable":true,"href":"https:\/\/haberbesiktas.tr\/index.php?rest_route=%2Fwp%2Fv2%2Fcomments&post=29918"}],"version-history":[{"count":1,"href":"https:\/\/haberbesiktas.tr\/index.php?rest_route=\/wp\/v2\/posts\/29918\/revisions"}],"predecessor-version":[{"id":29920,"href":"https:\/\/haberbesiktas.tr\/index.php?rest_route=\/wp\/v2\/posts\/29918\/revisions\/29920"}],"wp:featuredmedia":[{"embeddable":true,"href":"https:\/\/haberbesiktas.tr\/index.php?rest_route=\/wp\/v2\/media\/29919"}],"wp:attachment":[{"href":"https:\/\/haberbesiktas.tr\/index.php?rest_route=%2Fwp%2Fv2%2Fmedia&parent=29918"}],"wp:term":[{"taxonomy":"category","embeddable":true,"href":"https:\/\/haberbesiktas.tr\/index.php?rest_route=%2Fwp%2Fv2%2Fcategories&post=29918"},{"taxonomy":"post_tag","embeddable":true,"href":"https:\/\/haberbesiktas.tr\/index.php?rest_route=%2Fwp%2Fv2%2Ftags&post=29918"}],"curies":[{"name":"wp","href":"https:\/\/api.w.org\/{rel}","templated":true}]}}