{"id":2994,"date":"2025-01-12T06:12:33","date_gmt":"2025-01-12T06:12:33","guid":{"rendered":"https:\/\/haberbesiktas.tr\/?p=2994"},"modified":"2025-01-12T06:12:33","modified_gmt":"2025-01-12T06:12:33","slug":"yusuf-akcicek-gol-atip-kazandigimiz-icin-gururluyum","status":"publish","type":"post","link":"https:\/\/haberbesiktas.tr\/?p=2994","title":{"rendered":"Yusuf Ak\u00e7i\u00e7ek: &#8220;Gol at\u0131p kazand\u0131\u011f\u0131m\u0131z i\u00e7in gururluyum&#8221;"},"content":{"rendered":"<div>Fenerbah\u00e7e&#8217;nin 18 ya\u015f\u0131ndaki oyuncusu Yusuf Ak\u00e7i\u00e7ek, Ziraat T\u00fcrkiye Kupas\u0131&#8217;nda konuk olduklar\u0131 Kas\u0131mpa\u015fa&#8217;y\u0131 3-0 yendikleri ma\u00e7\u0131n akabinde konu\u015ftu.<\/p>\n<p><span>Kar\u015f\u0131la\u015fmay\u0131 k\u0131ymetlendiren gen\u00e7 stoper, <strong>&#8220;Gol att\u0131\u011f\u0131m i\u00e7in, kazand\u0131\u011f\u0131m\u0131z i\u00e7in gururluyum. Fenerbah\u00e7e altyap\u0131s\u0131na girdi\u011fimden beri bunun i\u00e7in \u00e7al\u0131\u015f\u0131yordum. Biz Fenerbah\u00e7e olarak her t\u00fcrl\u00fc sisteme haz\u0131r formda oynamaya \u00e7al\u0131\u015f\u0131yoruz. Hocam baht verdi. En g\u00fczel formda de\u011ferlendirmeye \u00e7al\u0131\u015ft\u0131m. K\u0131ymetli olan Fenerbah\u00e7e&#8217;nin ba\u015far\u0131s\u0131. Ben kendimi haz\u0131r tutmak zorunday\u0131m, gelen talihi en yeterli halde de\u011ferlendirebilmek i\u00e7in&#8230;&#8221;<\/strong> tabirlerini kulland\u0131.<\/span><\/div>\n","protected":false},"excerpt":{"rendered":"<p>Fenerbah\u00e7e&#8217;nin gen\u00e7 savunmac\u0131s\u0131 Yusuf Ak\u00e7i\u00e7ek, Ziraat T\u00fcrkiye Kupas\u0131&#8217;nda deplasmanda Kas\u0131mpa\u015fa&#8217;y\u0131 3-0 yendikleri ma\u00e7\u0131n akabinde a\u00e7\u0131klamalarda bulundu.<\/p>\n","protected":false},"author":1,"featured_media":2995,"comment_status":"open","ping_status":"open","sticky":false,"template":"","format":"standard","meta":{"footnotes":""},"categories":[25],"tags":[],"class_list":["post-2994","post","type-post","status-publish","format-standard","has-post-thumbnail","hentry","category-futbol"],"_links":{"self":[{"href":"https:\/\/haberbesiktas.tr\/index.php?rest_route=\/wp\/v2\/posts\/2994","targetHints":{"allow":["GET"]}}],"collection":[{"href":"https:\/\/haberbesiktas.tr\/index.php?rest_route=\/wp\/v2\/posts"}],"about":[{"href":"https:\/\/haberbesiktas.tr\/index.php?rest_route=\/wp\/v2\/types\/post"}],"author":[{"embeddable":true,"href":"https:\/\/haberbesiktas.tr\/index.php?rest_route=\/wp\/v2\/users\/1"}],"replies":[{"embeddable":true,"href":"https:\/\/haberbesiktas.tr\/index.php?rest_route=%2Fwp%2Fv2%2Fcomments&post=2994"}],"version-history":[{"count":1,"href":"https:\/\/haberbesiktas.tr\/index.php?rest_route=\/wp\/v2\/posts\/2994\/revisions"}],"predecessor-version":[{"id":2996,"href":"https:\/\/haberbesiktas.tr\/index.php?rest_route=\/wp\/v2\/posts\/2994\/revisions\/2996"}],"wp:featuredmedia":[{"embeddable":true,"href":"https:\/\/haberbesiktas.tr\/index.php?rest_route=\/wp\/v2\/media\/2995"}],"wp:attachment":[{"href":"https:\/\/haberbesiktas.tr\/index.php?rest_route=%2Fwp%2Fv2%2Fmedia&parent=2994"}],"wp:term":[{"taxonomy":"category","embeddable":true,"href":"https:\/\/haberbesiktas.tr\/index.php?rest_route=%2Fwp%2Fv2%2Fcategories&post=2994"},{"taxonomy":"post_tag","embeddable":true,"href":"https:\/\/haberbesiktas.tr\/index.php?rest_route=%2Fwp%2Fv2%2Ftags&post=2994"}],"curies":[{"name":"wp","href":"https:\/\/api.w.org\/{rel}","templated":true}]}}