{"id":30004,"date":"2025-05-13T21:48:17","date_gmt":"2025-05-13T21:48:17","guid":{"rendered":"https:\/\/haberbesiktas.tr\/?p=30004"},"modified":"2025-05-13T21:48:17","modified_gmt":"2025-05-13T21:48:17","slug":"eyupspor-goztepeye-konuk-olacak","status":"publish","type":"post","link":"https:\/\/haberbesiktas.tr\/?p=30004","title":{"rendered":"Ey\u00fcpspor, G\u00f6ztepe&#8217;ye konuk olacak"},"content":{"rendered":"<div>ikas Ey\u00fcpspor, Trendyol \u00dcst\u00fcn Lig&#8217;in 28. haftas\u0131nda pazar deplasmanda G\u00f6ztepe ile kar\u015f\u0131 kar\u015f\u0131ya gelecek.<\/p>\n<p> G\u00fcrsel Aksel Stad\u0131&#8217;ndaki u\u011fra\u015fta birinci d\u00fcd\u00fck saat 16.00&#8217;da \u00e7alacak. Kar\u015f\u0131la\u015fmay\u0131 hakem Yasin Kol y\u00f6netecek.<\/p>\n<p> Teknik y\u00f6netici Arda Turan idaresinde bu d\u00f6nem oynad\u0131\u011f\u0131 26 ma\u00e7ta 12 galibiyet, 7&#8217;\u015fer beraberlik ve hezimet ya\u015fayan ikas Ey\u00fcpspor, toplad\u0131\u011f\u0131 43 puanla 5. s\u0131rada yer al\u0131yor.<\/p>\n<p> \u0130stanbul grubu, kazanarak Avrupa kupalar\u0131na i\u015ftirak umudunu s\u00fcrd\u00fcrmek istiyor.<\/p>\n<p> S\u00fcper Lig&#8217;de bu d\u00f6nem \u00e7\u0131kt\u0131\u011f\u0131 25 ma\u00e7ta 10 sefer kazanan, 6 m\u00fcsabakada rakipleriyle berabere kalan ve 9 \u00e7abadan de puan \u00e7\u0131karamayan G\u00f6ztepe, 36 puan ve averajla 6. s\u0131rada bulunuyor.<\/p>\n<p> Ligde son 6 m\u00fcsabakada 2 beraberlik ve 4 ma\u011flubiyet alan \u0130zmir temsilcisi, taraftar\u0131 \u00f6n\u00fcnde kazanarak galibiyet hasretine son vermeyi hedefliyor.<\/p>\n<p> <strong>Eksikler<\/strong><\/p>\n<p> ikas Ey\u00fcspor&#8217;da cezal\u0131 ve sakat oyuncular\u0131n fazlal\u0131\u011f\u0131 G\u00f6ztepe ma\u00e7\u0131 \u00f6ncesinde dikkati \u00e7ekiyor.<\/p>\n<p> Eflatun-sar\u0131l\u0131 tak\u0131mda k\u0131rm\u0131z\u0131 kart cezal\u0131lar\u0131 Caner Erkin ile Robin Yal\u00e7\u0131n, \u0130zmir deplasman\u0131nda forma giyemeyecek.<\/p>\n<p> Tedavileri devam eden Recep Niyaz, Fredrik Midtsj\u00f6 ve Ta\u015fk\u0131n \u0130lter&#8217;in de tak\u0131mda olmas\u0131 beklenmiyor.<\/p>\n<p> \u00d6te yandan \u0130stanbul tak\u0131m\u0131nda Melih Kabasakal, Sinan G\u00fcm\u00fc\u015f ve Leo Dubois&#8217;n\u0131n da ma\u00e7 tak\u0131m\u0131nda olup olmayaca\u011f\u0131na teknik heyet karar verecek.<\/p>\n<p> <strong>Ceza s\u0131n\u0131r\u0131ndakiler<\/strong><\/p>\n<p> Eflatun-sar\u0131l\u0131 grupta 6 oyuncu sar\u0131 kart ceza hududunda bulunuyor.<\/p>\n<p> Ey\u00fcpspor&#8217;da sakatl\u0131\u011f\u0131 nedeniyle tak\u0131mda olmas\u0131 beklenmeyen Fredrik Midtsj\u00f6&#8217;n\u00fcn yan\u0131 s\u0131ra Yal\u00e7\u0131n Kayan, Prince Ampem, Emre Mor, Halil Akbunar ve Emre Akbaba, G\u00f6ztepe kar\u015f\u0131s\u0131nda sar\u0131 kart g\u00f6rmeleri durumunda cezal\u0131 duruma d\u00fc\u015fecek.<\/p>\n<p> Bu 5 futbolcu, cezal\u0131 duruma d\u00fc\u015fmesi halinde ligin 29. haftas\u0131nda oynanacak RAMS Ba\u015fak\u015fehir ma\u00e7\u0131nda forma giyemeyecek.<\/p>\n<\/div>\n<p><\/p>\n","protected":false},"excerpt":{"rendered":"<p>Ey\u00fcpspor, \u00dcst\u00fcn Lig&#8217;in 28. haftas\u0131nda pazar G\u00f6ztepe deplasman\u0131na gidecek.<\/p>\n","protected":false},"author":1,"featured_media":30005,"comment_status":"open","ping_status":"open","sticky":false,"template":"","format":"standard","meta":{"footnotes":""},"categories":[25],"tags":[505,50],"class_list":["post-30004","post","type-post","status-publish","format-standard","has-post-thumbnail","hentry","category-futbol","tag-ceza","tag-mac"],"_links":{"self":[{"href":"https:\/\/haberbesiktas.tr\/index.php?rest_route=\/wp\/v2\/posts\/30004","targetHints":{"allow":["GET"]}}],"collection":[{"href":"https:\/\/haberbesiktas.tr\/index.php?rest_route=\/wp\/v2\/posts"}],"about":[{"href":"https:\/\/haberbesiktas.tr\/index.php?rest_route=\/wp\/v2\/types\/post"}],"author":[{"embeddable":true,"href":"https:\/\/haberbesiktas.tr\/index.php?rest_route=\/wp\/v2\/users\/1"}],"replies":[{"embeddable":true,"href":"https:\/\/haberbesiktas.tr\/index.php?rest_route=%2Fwp%2Fv2%2Fcomments&post=30004"}],"version-history":[{"count":1,"href":"https:\/\/haberbesiktas.tr\/index.php?rest_route=\/wp\/v2\/posts\/30004\/revisions"}],"predecessor-version":[{"id":30006,"href":"https:\/\/haberbesiktas.tr\/index.php?rest_route=\/wp\/v2\/posts\/30004\/revisions\/30006"}],"wp:featuredmedia":[{"embeddable":true,"href":"https:\/\/haberbesiktas.tr\/index.php?rest_route=\/wp\/v2\/media\/30005"}],"wp:attachment":[{"href":"https:\/\/haberbesiktas.tr\/index.php?rest_route=%2Fwp%2Fv2%2Fmedia&parent=30004"}],"wp:term":[{"taxonomy":"category","embeddable":true,"href":"https:\/\/haberbesiktas.tr\/index.php?rest_route=%2Fwp%2Fv2%2Fcategories&post=30004"},{"taxonomy":"post_tag","embeddable":true,"href":"https:\/\/haberbesiktas.tr\/index.php?rest_route=%2Fwp%2Fv2%2Ftags&post=30004"}],"curies":[{"name":"wp","href":"https:\/\/api.w.org\/{rel}","templated":true}]}}