{"id":30007,"date":"2025-05-13T22:00:16","date_gmt":"2025-05-13T22:00:16","guid":{"rendered":"https:\/\/haberbesiktas.tr\/?p=30007"},"modified":"2025-05-13T22:00:16","modified_gmt":"2025-05-13T22:00:16","slug":"fenerbahce-karsisinda-samsunsporda-tek-eksik-var","status":"publish","type":"post","link":"https:\/\/haberbesiktas.tr\/?p=30007","title":{"rendered":"Fenerbah\u00e7e kar\u015f\u0131s\u0131nda Samsunspor&#8217;da tek eksik var!"},"content":{"rendered":"<div>Reeder Samsunspor, Trendyol \u00dcst\u00fcn Lig&#8217;in 28. haftas\u0131nda pazar g\u00fcn\u00fc Fenerbah\u00e7e&#8217;ye konuk olacak.<\/p>\n<p> \u00dclker Stad\u0131&#8217;nda saat 20.30&#8217;da ba\u015flayacak kar\u015f\u0131la\u015fmay\u0131, hakem Cihan Ayd\u0131n y\u00f6netecek.<\/p>\n<p> Ligde 15 galibiyet, 5 beraberlik ve 6 yenilgiyle alan Samsun tak\u0131m\u0131, toplad\u0131\u011f\u0131 50 puanla \u00fc\u00e7\u00fcnc\u00fc s\u0131rada yer al\u0131yor.<\/p>\n<p> Be\u015fikta\u015f ile \u00fc\u00e7\u00fcnc\u00fcl\u00fck ve d\u00f6rd\u00fcnc\u00fcl\u00fck u\u011fra\u015f\u0131 veren k\u0131rm\u0131z\u0131-beyazl\u0131 kadro, Fenerbah\u00e7e kar\u015f\u0131s\u0131nda puan yahut puanlar almay\u0131 hedefliyor.<\/p>\n<p> Samsunspor&#8217;da sakatl\u0131\u011f\u0131 devam eden Lubomir Satka ma\u00e7 tak\u0131m\u0131nda yer almayacak.<\/p>\n<p> K\u0131rm\u0131z\u0131-beyazl\u0131 grupta Celil Y\u00fcksel ve Arbnor Muja sar\u0131 kart cezas\u0131 hududunda bulunuyor. \u0130ki futbolcu kart g\u00f6rmeleri halinde Kas\u0131mpa\u015fa ma\u00e7\u0131nda forma giyemeyecek.\u00a0<\/p>\n<div>\u00a0<\/div>\n<\/div>\n<p><\/p>\n","protected":false},"excerpt":{"rendered":"<p>Samsunspor, S\u00fcper Lig&#8217;de pazar g\u00fcn\u00fc deplasmanda Fenerbah\u00e7e ile kar\u015f\u0131 kar\u015f\u0131ya gelecek.<\/p>\n","protected":false},"author":1,"featured_media":30008,"comment_status":"open","ping_status":"open","sticky":false,"template":"","format":"standard","meta":{"footnotes":""},"categories":[25],"tags":[],"class_list":["post-30007","post","type-post","status-publish","format-standard","has-post-thumbnail","hentry","category-futbol"],"_links":{"self":[{"href":"https:\/\/haberbesiktas.tr\/index.php?rest_route=\/wp\/v2\/posts\/30007","targetHints":{"allow":["GET"]}}],"collection":[{"href":"https:\/\/haberbesiktas.tr\/index.php?rest_route=\/wp\/v2\/posts"}],"about":[{"href":"https:\/\/haberbesiktas.tr\/index.php?rest_route=\/wp\/v2\/types\/post"}],"author":[{"embeddable":true,"href":"https:\/\/haberbesiktas.tr\/index.php?rest_route=\/wp\/v2\/users\/1"}],"replies":[{"embeddable":true,"href":"https:\/\/haberbesiktas.tr\/index.php?rest_route=%2Fwp%2Fv2%2Fcomments&post=30007"}],"version-history":[{"count":1,"href":"https:\/\/haberbesiktas.tr\/index.php?rest_route=\/wp\/v2\/posts\/30007\/revisions"}],"predecessor-version":[{"id":30009,"href":"https:\/\/haberbesiktas.tr\/index.php?rest_route=\/wp\/v2\/posts\/30007\/revisions\/30009"}],"wp:featuredmedia":[{"embeddable":true,"href":"https:\/\/haberbesiktas.tr\/index.php?rest_route=\/wp\/v2\/media\/30008"}],"wp:attachment":[{"href":"https:\/\/haberbesiktas.tr\/index.php?rest_route=%2Fwp%2Fv2%2Fmedia&parent=30007"}],"wp:term":[{"taxonomy":"category","embeddable":true,"href":"https:\/\/haberbesiktas.tr\/index.php?rest_route=%2Fwp%2Fv2%2Fcategories&post=30007"},{"taxonomy":"post_tag","embeddable":true,"href":"https:\/\/haberbesiktas.tr\/index.php?rest_route=%2Fwp%2Fv2%2Ftags&post=30007"}],"curies":[{"name":"wp","href":"https:\/\/api.w.org\/{rel}","templated":true}]}}