{"id":3003,"date":"2025-01-12T07:00:33","date_gmt":"2025-01-12T07:00:33","guid":{"rendered":"https:\/\/haberbesiktas.tr\/?p=3003"},"modified":"2025-01-12T07:00:33","modified_gmt":"2025-01-12T07:00:33","slug":"fenerbahceden-jhon-lucumi-hamlesi","status":"publish","type":"post","link":"https:\/\/haberbesiktas.tr\/?p=3003","title":{"rendered":"Fenerbah\u00e7e&#8217;den Jhon Lucumi hamlesi"},"content":{"rendered":"<div>Transfer \u00e7al\u0131\u015fmalar\u0131n\u0131 s\u00fcrd\u00fcren Fenerbah\u00e7e, stoper deste\u011fi i\u00e7in \u00e7arp\u0131c\u0131 bir ismi g\u00fcndemine ald\u0131.<\/p>\n<p>Corriere di Bologna&#8217;n\u0131n haberine nazaran; Fenerbah\u00e7e, Bologna&#8217;da forma giyen Kolombiyal\u0131 stoper Jhon Lucumi&#8217;yi tak\u0131m\u0131na katmak istiyor.<\/p>\n<p>Haberde Fenerbah\u00e7e&#8217;nin Lucumi&#8217;yi tak\u0131m\u0131na katmak i\u00e7in te\u015febb\u00fcslere ba\u015flad\u0131\u011f\u0131ndan bahsedilse de Bologna&#8217;n\u0131n en az\u0131ndan d\u00f6nem sonuna kadar oyuncuyu tak\u0131m\u0131nda tutmak istedi\u011fi kaydedildi.<\/p>\n<p>18 milyon euro piyasa bedeli bulunan 26 ya\u015f\u0131ndaki oyuncu, bu d\u00f6nem Bologna formas\u0131yla \u00e7\u0131kt\u0131\u011f\u0131 14 ma\u00e7ta 1 asistlik performans g\u00f6sterdi.<\/p>\n<div>\u00a0<\/div>\n<\/div>\n","protected":false},"excerpt":{"rendered":"<p>Fenerbah\u00e7e, Bologna&#8217;da forma giyen Kolombiyal\u0131 stoper Jhon Lucumi&#8217;yi g\u00fcndemine ald\u0131.<\/p>\n","protected":false},"author":1,"featured_media":3004,"comment_status":"open","ping_status":"open","sticky":false,"template":"","format":"standard","meta":{"footnotes":""},"categories":[25],"tags":[],"class_list":["post-3003","post","type-post","status-publish","format-standard","has-post-thumbnail","hentry","category-futbol"],"_links":{"self":[{"href":"https:\/\/haberbesiktas.tr\/index.php?rest_route=\/wp\/v2\/posts\/3003","targetHints":{"allow":["GET"]}}],"collection":[{"href":"https:\/\/haberbesiktas.tr\/index.php?rest_route=\/wp\/v2\/posts"}],"about":[{"href":"https:\/\/haberbesiktas.tr\/index.php?rest_route=\/wp\/v2\/types\/post"}],"author":[{"embeddable":true,"href":"https:\/\/haberbesiktas.tr\/index.php?rest_route=\/wp\/v2\/users\/1"}],"replies":[{"embeddable":true,"href":"https:\/\/haberbesiktas.tr\/index.php?rest_route=%2Fwp%2Fv2%2Fcomments&post=3003"}],"version-history":[{"count":1,"href":"https:\/\/haberbesiktas.tr\/index.php?rest_route=\/wp\/v2\/posts\/3003\/revisions"}],"predecessor-version":[{"id":3005,"href":"https:\/\/haberbesiktas.tr\/index.php?rest_route=\/wp\/v2\/posts\/3003\/revisions\/3005"}],"wp:featuredmedia":[{"embeddable":true,"href":"https:\/\/haberbesiktas.tr\/index.php?rest_route=\/wp\/v2\/media\/3004"}],"wp:attachment":[{"href":"https:\/\/haberbesiktas.tr\/index.php?rest_route=%2Fwp%2Fv2%2Fmedia&parent=3003"}],"wp:term":[{"taxonomy":"category","embeddable":true,"href":"https:\/\/haberbesiktas.tr\/index.php?rest_route=%2Fwp%2Fv2%2Fcategories&post=3003"},{"taxonomy":"post_tag","embeddable":true,"href":"https:\/\/haberbesiktas.tr\/index.php?rest_route=%2Fwp%2Fv2%2Ftags&post=3003"}],"curies":[{"name":"wp","href":"https:\/\/api.w.org\/{rel}","templated":true}]}}