{"id":30037,"date":"2025-05-14T00:00:16","date_gmt":"2025-05-14T00:00:16","guid":{"rendered":"https:\/\/haberbesiktas.tr\/?p=30037"},"modified":"2025-05-14T00:00:16","modified_gmt":"2025-05-14T00:00:16","slug":"bodrum-fk-rizede-terleyecek","status":"publish","type":"post","link":"https:\/\/haberbesiktas.tr\/?p=30037","title":{"rendered":"Bodrum FK, Rize&#8217;de terleyecek"},"content":{"rendered":"<div>Trendyol S\u00fcper Lig&#8217;de son 5 ma\u00e7\u0131nda gol yemeden 2 beraberlik ve 3 galibiyet elde edip k\u00fcmede kalma yolunda umutlanan Bodrum Futbol Kul\u00fcb\u00fc pazar g\u00fcn\u00fc 28&#8217;inci hafta kar\u015f\u0131la\u015fmas\u0131nda \u00c7aykur Rizespor&#8217;a konuk olacak.<\/p>\n<p> \u00c7aykur Didi Stad\u0131&#8217;nda Kadir Sa\u011flam&#8217;\u0131n y\u00f6netece\u011fi kar\u015f\u0131la\u015fma saat 13.30&#8217;da ba\u015flayacak.<\/p>\n<p> \u015eiddetli bir ma\u00e7a \u00e7\u0131kacaklar\u0131n\u0131 belirten Bodrum FK&#8217;n\u0131n Portekizli teknik y\u00f6neticisi Jose Morais, oyuncular\u0131n\u0131n performans\u0131ndan \u015fad oldu\u011funu lisana getirdi.<\/p>\n<p> Morais, &#8220;\u00c7ok daha fazla \u00e7al\u0131\u015fmam\u0131z gerekiyor, oyuncular\u0131m asl\u0131nda bu \u00f6zveriyi g\u00f6steriyor. Ma\u00e7lar kritik hale geldi. Her grubun her ma\u00e7\u0131 kazanmas\u0131 m\u00fcmk\u00fcn de\u011fil. Her hafta bazen ligin zirvesi bazen ortas\u0131 bazen alt\u0131ndan puan kay\u0131plar\u0131 gelecektir. Bizim de bu f\u0131rsatlar\u0131 k\u0131ymetlendirmemiz gerek&#8221; dedi.<\/p>\n<\/div>\n<p><\/p>\n","protected":false},"excerpt":{"rendered":"<p>Son 5 ma\u00e7\u0131nda gol yemeden 2 beraberlik ve 3 galibiyet elde edip k\u00fcmede kalma yolunda umutlanan Bodrum, \u00c7aykur Rizespor&#8217;a konuk olacak.<\/p>\n","protected":false},"author":1,"featured_media":30038,"comment_status":"open","ping_status":"open","sticky":false,"template":"","format":"standard","meta":{"footnotes":""},"categories":[25],"tags":[],"class_list":["post-30037","post","type-post","status-publish","format-standard","has-post-thumbnail","hentry","category-futbol"],"_links":{"self":[{"href":"https:\/\/haberbesiktas.tr\/index.php?rest_route=\/wp\/v2\/posts\/30037","targetHints":{"allow":["GET"]}}],"collection":[{"href":"https:\/\/haberbesiktas.tr\/index.php?rest_route=\/wp\/v2\/posts"}],"about":[{"href":"https:\/\/haberbesiktas.tr\/index.php?rest_route=\/wp\/v2\/types\/post"}],"author":[{"embeddable":true,"href":"https:\/\/haberbesiktas.tr\/index.php?rest_route=\/wp\/v2\/users\/1"}],"replies":[{"embeddable":true,"href":"https:\/\/haberbesiktas.tr\/index.php?rest_route=%2Fwp%2Fv2%2Fcomments&post=30037"}],"version-history":[{"count":1,"href":"https:\/\/haberbesiktas.tr\/index.php?rest_route=\/wp\/v2\/posts\/30037\/revisions"}],"predecessor-version":[{"id":30039,"href":"https:\/\/haberbesiktas.tr\/index.php?rest_route=\/wp\/v2\/posts\/30037\/revisions\/30039"}],"wp:featuredmedia":[{"embeddable":true,"href":"https:\/\/haberbesiktas.tr\/index.php?rest_route=\/wp\/v2\/media\/30038"}],"wp:attachment":[{"href":"https:\/\/haberbesiktas.tr\/index.php?rest_route=%2Fwp%2Fv2%2Fmedia&parent=30037"}],"wp:term":[{"taxonomy":"category","embeddable":true,"href":"https:\/\/haberbesiktas.tr\/index.php?rest_route=%2Fwp%2Fv2%2Fcategories&post=30037"},{"taxonomy":"post_tag","embeddable":true,"href":"https:\/\/haberbesiktas.tr\/index.php?rest_route=%2Fwp%2Fv2%2Ftags&post=30037"}],"curies":[{"name":"wp","href":"https:\/\/api.w.org\/{rel}","templated":true}]}}