{"id":3006,"date":"2025-01-12T07:24:34","date_gmt":"2025-01-12T07:24:34","guid":{"rendered":"https:\/\/haberbesiktas.tr\/?p=3006"},"modified":"2025-01-12T07:24:34","modified_gmt":"2025-01-12T07:24:34","slug":"fenerbahceli-yoneticilerin-talisca-heyecani","status":"publish","type":"post","link":"https:\/\/haberbesiktas.tr\/?p=3006","title":{"rendered":"Fenerbah\u00e7eli y\u00f6neticilerin Talisca heyecan\u0131"},"content":{"rendered":"<div>Fenerbah\u00e7e&#8217;nin deplasmanda Kas\u0131mpa\u015fa ile oynad\u0131\u011f\u0131 kupa ma\u00e7\u0131n\u0131 yerinde takip eden sar\u0131-lacivertli y\u00f6neticiler, devre ortas\u0131nda Anderson Talisca transferi i\u00e7in toplant\u0131 yapt\u0131.<\/p>\n<p> Orta transfer devrinin ba\u015flamas\u0131na k\u0131sa bir m\u00fchlet kala Sar\u0131-lacivertli tak\u0131mda transfer \u00e7al\u0131\u015fmalar\u0131 s\u00fcrat kazand\u0131. Fenerbah\u00e7e&#8217;nin prensip muahedesine vard\u0131\u011f\u0131 Anderson Talisca, Al Nassr&#8217;\u0131n Al Akhdoud ile Suudi Arabistan Ligi&#8217;nde bu ak\u015fam oynad\u0131\u011f\u0131 ma\u00e7\u0131n tak\u0131m\u0131na al\u0131nmad\u0131.<\/p>\n<p> \u00c7abay\u0131 trib\u00fcnden izleyen Anderson Talisca&#8217;n\u0131n 13 Ocak&#8217;ta ba\u015flayacak orta transfer periyodunun birinci g\u00fcnlerinde \u0130stanbul&#8217;a gelmesi beklenirken, Kas\u0131mpa\u015fa-Fenerbah\u00e7e ma\u00e7\u0131nda Asba\u015fkan Acun Il\u0131cal\u0131, y\u00f6netim kurulu \u00fcyesi Ahmet Ketenci ve sportif y\u00f6netici Mario Branco&#8217;nun devre ortas\u0131nda bir toplant\u0131 yapt\u0131klar\u0131 g\u00f6zlendi.<\/p>\n<p> Brezilyal\u0131 futbolcunun son durumunu yak\u0131ndan takip eden Fenerbah\u00e7eli y\u00f6neticiler, birbirleriyle fikir al\u0131\u015fveri\u015fi yapt\u0131. Sar\u0131-lacivertli y\u00f6neticilerin bu heyecan\u0131, transferin resmi olarak sonu\u00e7lanmas\u0131n\u0131n yak\u0131n oldu\u011funun g\u00f6stergelerinden biri oldu.<\/p>\n<\/div>\n","protected":false},"excerpt":{"rendered":"<p>Fenerbah\u00e7e y\u00f6neticileri Acun Il\u0131cal\u0131, Ahmet Ketenci ve sportif y\u00f6netici Mario Branco devre ortas\u0131nda Anderson Talisca transferi i\u00e7in toplant\u0131 yapt\u0131.<\/p>\n","protected":false},"author":1,"featured_media":3007,"comment_status":"open","ping_status":"open","sticky":false,"template":"","format":"standard","meta":{"footnotes":""},"categories":[25],"tags":[48],"class_list":["post-3006","post","type-post","status-publish","format-standard","has-post-thumbnail","hentry","category-futbol","tag-transfer"],"_links":{"self":[{"href":"https:\/\/haberbesiktas.tr\/index.php?rest_route=\/wp\/v2\/posts\/3006","targetHints":{"allow":["GET"]}}],"collection":[{"href":"https:\/\/haberbesiktas.tr\/index.php?rest_route=\/wp\/v2\/posts"}],"about":[{"href":"https:\/\/haberbesiktas.tr\/index.php?rest_route=\/wp\/v2\/types\/post"}],"author":[{"embeddable":true,"href":"https:\/\/haberbesiktas.tr\/index.php?rest_route=\/wp\/v2\/users\/1"}],"replies":[{"embeddable":true,"href":"https:\/\/haberbesiktas.tr\/index.php?rest_route=%2Fwp%2Fv2%2Fcomments&post=3006"}],"version-history":[{"count":1,"href":"https:\/\/haberbesiktas.tr\/index.php?rest_route=\/wp\/v2\/posts\/3006\/revisions"}],"predecessor-version":[{"id":3008,"href":"https:\/\/haberbesiktas.tr\/index.php?rest_route=\/wp\/v2\/posts\/3006\/revisions\/3008"}],"wp:featuredmedia":[{"embeddable":true,"href":"https:\/\/haberbesiktas.tr\/index.php?rest_route=\/wp\/v2\/media\/3007"}],"wp:attachment":[{"href":"https:\/\/haberbesiktas.tr\/index.php?rest_route=%2Fwp%2Fv2%2Fmedia&parent=3006"}],"wp:term":[{"taxonomy":"category","embeddable":true,"href":"https:\/\/haberbesiktas.tr\/index.php?rest_route=%2Fwp%2Fv2%2Fcategories&post=3006"},{"taxonomy":"post_tag","embeddable":true,"href":"https:\/\/haberbesiktas.tr\/index.php?rest_route=%2Fwp%2Fv2%2Ftags&post=3006"}],"curies":[{"name":"wp","href":"https:\/\/api.w.org\/{rel}","templated":true}]}}