{"id":30122,"date":"2025-05-14T05:24:17","date_gmt":"2025-05-14T05:24:17","guid":{"rendered":"https:\/\/haberbesiktas.tr\/?p=30122"},"modified":"2025-05-14T05:24:17","modified_gmt":"2025-05-14T05:24:17","slug":"serdal-adali-konya-besiktaslilar-derneginin-yeni-binasini-acti","status":"publish","type":"post","link":"https:\/\/haberbesiktas.tr\/?p=30122","title":{"rendered":"Serdal Adal\u0131, Konya Be\u015fikta\u015fl\u0131lar Derne\u011fi&#8217;nin yeni binas\u0131n\u0131 a\u00e7t\u0131"},"content":{"rendered":"<div>\n<p>Be\u015fikta\u015f Kul\u00fcb\u00fc Lideri Serdal Adal\u0131, Konya Be\u015fikta\u015fl\u0131lar Derne\u011fi&#8217;nin yeni hizmet binas\u0131n\u0131n a\u00e7\u0131l\u0131\u015f\u0131n\u0131 ger\u00e7ekle\u015ftirdi.\u00a0<\/p>\n<p> Adal\u0131, ak\u015fam oynayacaklar\u0131 T\u00dcMOSAN Konyaspor m\u00fcsabakas\u0131 i\u00e7in geldi\u011fi kentte, Konya Be\u015fikta\u015fl\u0131lar Derne\u011fi&#8217;nin yeni hizmet binas\u0131n\u0131n a\u00e7\u0131l\u0131\u015f\u0131na kat\u0131ld\u0131.<\/p>\n<p> Burada taraftarlar\u0131n a\u011f\u0131r ilgisi ile kar\u015f\u0131la\u015fan Adal\u0131, Ankara Caddesi \u00fczerindeki dernek binas\u0131n\u0131n a\u00e7\u0131l\u0131\u015f\u0131n\u0131 ger\u00e7ekle\u015ftirdi.<\/p>\n<p> Adal\u0131, binay\u0131 gezerek yetkililerden bilgi ald\u0131.<\/p>\n<\/div>\n<p><\/p>\n","protected":false},"excerpt":{"rendered":"<p>Be\u015fikta\u015f Ba\u015fkan\u0131 Serdal Adal\u0131, T\u00dcMOSAN Konyaspor ma\u00e7\u0131 i\u00e7in geldi\u011fi Konya&#8217;da, Be\u015fikta\u015fl\u0131lar Derne\u011fi&#8217;nin yeni hizmet binas\u0131n\u0131n a\u00e7\u0131l\u0131\u015f\u0131n\u0131 ger\u00e7ekle\u015ftirdi.<\/p>\n","protected":false},"author":1,"featured_media":30123,"comment_status":"open","ping_status":"open","sticky":false,"template":"","format":"standard","meta":{"footnotes":""},"categories":[25],"tags":[],"class_list":["post-30122","post","type-post","status-publish","format-standard","has-post-thumbnail","hentry","category-futbol"],"_links":{"self":[{"href":"https:\/\/haberbesiktas.tr\/index.php?rest_route=\/wp\/v2\/posts\/30122","targetHints":{"allow":["GET"]}}],"collection":[{"href":"https:\/\/haberbesiktas.tr\/index.php?rest_route=\/wp\/v2\/posts"}],"about":[{"href":"https:\/\/haberbesiktas.tr\/index.php?rest_route=\/wp\/v2\/types\/post"}],"author":[{"embeddable":true,"href":"https:\/\/haberbesiktas.tr\/index.php?rest_route=\/wp\/v2\/users\/1"}],"replies":[{"embeddable":true,"href":"https:\/\/haberbesiktas.tr\/index.php?rest_route=%2Fwp%2Fv2%2Fcomments&post=30122"}],"version-history":[{"count":1,"href":"https:\/\/haberbesiktas.tr\/index.php?rest_route=\/wp\/v2\/posts\/30122\/revisions"}],"predecessor-version":[{"id":30124,"href":"https:\/\/haberbesiktas.tr\/index.php?rest_route=\/wp\/v2\/posts\/30122\/revisions\/30124"}],"wp:featuredmedia":[{"embeddable":true,"href":"https:\/\/haberbesiktas.tr\/index.php?rest_route=\/wp\/v2\/media\/30123"}],"wp:attachment":[{"href":"https:\/\/haberbesiktas.tr\/index.php?rest_route=%2Fwp%2Fv2%2Fmedia&parent=30122"}],"wp:term":[{"taxonomy":"category","embeddable":true,"href":"https:\/\/haberbesiktas.tr\/index.php?rest_route=%2Fwp%2Fv2%2Fcategories&post=30122"},{"taxonomy":"post_tag","embeddable":true,"href":"https:\/\/haberbesiktas.tr\/index.php?rest_route=%2Fwp%2Fv2%2Ftags&post=30122"}],"curies":[{"name":"wp","href":"https:\/\/api.w.org\/{rel}","templated":true}]}}