{"id":3015,"date":"2025-01-12T08:36:32","date_gmt":"2025-01-12T08:36:32","guid":{"rendered":"https:\/\/haberbesiktas.tr\/?p=3015"},"modified":"2025-01-12T08:36:32","modified_gmt":"2025-01-12T08:36:32","slug":"taner-yapagici-oyunun-keyfine-varmalarini-soyledik","status":"publish","type":"post","link":"https:\/\/haberbesiktas.tr\/?p=3015","title":{"rendered":"Taner Yapa\u011f\u0131c\u0131: &#8220;Oyunun keyfine varmalar\u0131n\u0131 s\u00f6yledik&#8221;"},"content":{"rendered":"<div>Ziraat T\u00fcrkiye Kupas\u0131 B K\u00fcmesi birinci ma\u00e7\u0131nda a\u011f\u0131rlad\u0131\u011f\u0131 Fenerbah\u00e7e&#8217;ye 3-0 yenilen Kas\u0131mpa\u015fa&#8217;da 19 Ya\u015f Alt\u0131 Kadrosu Teknik Y\u00f6neticisi Taner Yapa\u011f\u0131c\u0131, gen\u00e7 oyuncularla yeterli u\u011fra\u015f ortaya koyduklar\u0131n\u0131 s\u00f6yledi.<\/p>\n<p> Yapa\u011f\u0131c\u0131, Recep Tayyip Erdo\u011fan Stad\u0131&#8217;nda oynanan m\u00fcsabakan\u0131n akabinde d\u00fczenlenen bas\u0131n toplant\u0131s\u0131nda konu\u015ftu.<\/p>\n<p> Tamam\u0131 gen\u00e7 oyunculardan kurulu tak\u0131mla alana \u00e7\u0131kt\u0131klar\u0131na dikkati \u00e7eken Taner Yapa\u011f\u0131c\u0131, <strong>&#8220;Fenerbah\u00e7e&#8217;yi tebrik ediyoruz. Grubumu da tebrik ediyorum. Oyunun keyfine varmalar\u0131n\u0131 s\u00f6yledik. 17 ya\u015f ortalamas\u0131yla 19 ya\u015f alt\u0131 kadrosuyla buraday\u0131z. Keyfine vard\u0131\u011f\u0131m\u0131z\u0131 d\u00fc\u015f\u00fcn\u00fcyorum. Yeterli gayret ettik. Kul\u00fcb\u00fcm\u00fcz\u00fc en d\u00fczg\u00fcn halde temsil ettik.&#8221;<\/strong> s\u00f6zlerini kulland\u0131.<\/p>\n<\/div>\n","protected":false},"excerpt":{"rendered":"<p>Kas\u0131mpa\u015fa 19 Ya\u015f Alt\u0131 Ekibi Teknik Y\u00f6neticisi Taner Yapa\u011f\u0131c\u0131, alanlar\u0131nda Fenerbah\u00e7e&#8217;ye 3-0 ma\u011flup olduklar\u0131 ma\u00e7\u0131n akabinde a\u00e7\u0131klamalarda bulundu.<\/p>\n","protected":false},"author":1,"featured_media":3016,"comment_status":"open","ping_status":"open","sticky":false,"template":"","format":"standard","meta":{"footnotes":""},"categories":[25],"tags":[],"class_list":["post-3015","post","type-post","status-publish","format-standard","has-post-thumbnail","hentry","category-futbol"],"_links":{"self":[{"href":"https:\/\/haberbesiktas.tr\/index.php?rest_route=\/wp\/v2\/posts\/3015","targetHints":{"allow":["GET"]}}],"collection":[{"href":"https:\/\/haberbesiktas.tr\/index.php?rest_route=\/wp\/v2\/posts"}],"about":[{"href":"https:\/\/haberbesiktas.tr\/index.php?rest_route=\/wp\/v2\/types\/post"}],"author":[{"embeddable":true,"href":"https:\/\/haberbesiktas.tr\/index.php?rest_route=\/wp\/v2\/users\/1"}],"replies":[{"embeddable":true,"href":"https:\/\/haberbesiktas.tr\/index.php?rest_route=%2Fwp%2Fv2%2Fcomments&post=3015"}],"version-history":[{"count":1,"href":"https:\/\/haberbesiktas.tr\/index.php?rest_route=\/wp\/v2\/posts\/3015\/revisions"}],"predecessor-version":[{"id":3017,"href":"https:\/\/haberbesiktas.tr\/index.php?rest_route=\/wp\/v2\/posts\/3015\/revisions\/3017"}],"wp:featuredmedia":[{"embeddable":true,"href":"https:\/\/haberbesiktas.tr\/index.php?rest_route=\/wp\/v2\/media\/3016"}],"wp:attachment":[{"href":"https:\/\/haberbesiktas.tr\/index.php?rest_route=%2Fwp%2Fv2%2Fmedia&parent=3015"}],"wp:term":[{"taxonomy":"category","embeddable":true,"href":"https:\/\/haberbesiktas.tr\/index.php?rest_route=%2Fwp%2Fv2%2Fcategories&post=3015"},{"taxonomy":"post_tag","embeddable":true,"href":"https:\/\/haberbesiktas.tr\/index.php?rest_route=%2Fwp%2Fv2%2Ftags&post=3015"}],"curies":[{"name":"wp","href":"https:\/\/api.w.org\/{rel}","templated":true}]}}