{"id":30156,"date":"2025-05-14T07:36:13","date_gmt":"2025-05-14T07:36:13","guid":{"rendered":"https:\/\/haberbesiktas.tr\/?p=30156"},"modified":"2025-05-14T07:36:13","modified_gmt":"2025-05-14T07:36:13","slug":"rabiye-cicekten-bronz-madalya","status":"publish","type":"post","link":"https:\/\/haberbesiktas.tr\/?p=30156","title":{"rendered":"Rabiye \u00c7i\u00e7ek&#8217;ten bronz madalya"},"content":{"rendered":"<p>Ulusal atlet Rabiye \u00c7i\u00e7ek, Avrupa Atmalar Kupas\u0131&#8217;nda cirit atma bran\u015f\u0131nda bronz madalyan\u0131n sahibi oldu.<\/p>\n<p> T\u00fcrkiye Atletizm Federasyonu taraf\u0131ndan yap\u0131lan a\u00e7\u0131klamaya nazaran, G\u00fcney K\u0131br\u0131s Rum B\u00f6l\u00fcm\u00fc&#8217;nde devam eden tertipte Atletizm Atmalar Ulusal Grubu&#8217;nun en gen\u00e7 atleti olan Rabiye \u00c7i\u00e7ek, 23 ya\u015f alt\u0131 cirit atma bran\u015f\u0131nda 52,41 metreyle 3. s\u0131rada yer ald\u0131 ve bronz madalyan\u0131n sahibi oldu.<\/p>\n<p> Ulusal atletlerden \u00d6mer \u015eahin, b\u00fcy\u00fckler B k\u00fcmesi disk atma bran\u015f\u0131nda 58,58 metre atarak k\u00fcmesinde 4&#8217;\u00fcnc\u00fc, genel s\u0131ralamada ise 16. oldu.<\/p>\n<p> Ay-y\u0131ld\u0131zl\u0131 atletlerden Ali Peker, 23 ya\u015f alt\u0131 g\u00fclle atma bran\u015f\u0131nda 18,36 metreyle 5. s\u0131ray\u0131 ald\u0131. Ulusal sportmen Emre \u00c7ift\u00e7i de \u00e7eki\u00e7 atma bran\u015f\u0131nda 66,54 metrelik derecesiyle tertibi 6. s\u0131rada tamamlad\u0131.<\/p>\n<p> Ulusal atletlerden Eda Tu\u011fsuz ise b\u00fcy\u00fckler A k\u00fcmesinde cirit atma bran\u015f\u0131nda 52,51 metreyle k\u00fcmesinde 8&#8217;inci, genel s\u0131ralamada ise 10. oldu. G\u00fclcan Uzun da 23 ya\u015f alt\u0131 B k\u00fcmesi disk atma bran\u015f\u0131nda 47,20 metre atarak k\u00fcmesinde 8&#8217;inci, genel s\u0131ralamada ise 18. oldu.<\/p>\n","protected":false},"excerpt":{"rendered":"<p>Ulusal atlet Rabiye \u00c7i\u00e7ek, Avrupa Atmalar Kupas\u0131&#8217;nda bronz madalya kazand\u0131.<\/p>\n","protected":false},"author":1,"featured_media":30157,"comment_status":"open","ping_status":"open","sticky":false,"template":"","format":"standard","meta":{"footnotes":""},"categories":[27],"tags":[197,270],"class_list":["post-30156","post","type-post","status-publish","format-standard","has-post-thumbnail","hentry","category-guncel-haberler","tag-metre","tag-milli"],"_links":{"self":[{"href":"https:\/\/haberbesiktas.tr\/index.php?rest_route=\/wp\/v2\/posts\/30156","targetHints":{"allow":["GET"]}}],"collection":[{"href":"https:\/\/haberbesiktas.tr\/index.php?rest_route=\/wp\/v2\/posts"}],"about":[{"href":"https:\/\/haberbesiktas.tr\/index.php?rest_route=\/wp\/v2\/types\/post"}],"author":[{"embeddable":true,"href":"https:\/\/haberbesiktas.tr\/index.php?rest_route=\/wp\/v2\/users\/1"}],"replies":[{"embeddable":true,"href":"https:\/\/haberbesiktas.tr\/index.php?rest_route=%2Fwp%2Fv2%2Fcomments&post=30156"}],"version-history":[{"count":1,"href":"https:\/\/haberbesiktas.tr\/index.php?rest_route=\/wp\/v2\/posts\/30156\/revisions"}],"predecessor-version":[{"id":30158,"href":"https:\/\/haberbesiktas.tr\/index.php?rest_route=\/wp\/v2\/posts\/30156\/revisions\/30158"}],"wp:featuredmedia":[{"embeddable":true,"href":"https:\/\/haberbesiktas.tr\/index.php?rest_route=\/wp\/v2\/media\/30157"}],"wp:attachment":[{"href":"https:\/\/haberbesiktas.tr\/index.php?rest_route=%2Fwp%2Fv2%2Fmedia&parent=30156"}],"wp:term":[{"taxonomy":"category","embeddable":true,"href":"https:\/\/haberbesiktas.tr\/index.php?rest_route=%2Fwp%2Fv2%2Fcategories&post=30156"},{"taxonomy":"post_tag","embeddable":true,"href":"https:\/\/haberbesiktas.tr\/index.php?rest_route=%2Fwp%2Fv2%2Ftags&post=30156"}],"curies":[{"name":"wp","href":"https:\/\/api.w.org\/{rel}","templated":true}]}}