{"id":30229,"date":"2025-05-14T13:36:27","date_gmt":"2025-05-14T13:36:27","guid":{"rendered":"https:\/\/haberbesiktas.tr\/?p=30229"},"modified":"2025-05-14T13:36:27","modified_gmt":"2025-05-14T13:36:27","slug":"real-madrid-kazandi-mbappe-tarihe-gecti","status":"publish","type":"post","link":"https:\/\/haberbesiktas.tr\/?p=30229","title":{"rendered":"Real Madrid kazand\u0131; Mbappe tarihe ge\u00e7ti!"},"content":{"rendered":"<div>\u0130spanya La Liga&#8217;n\u0131n 28. haftas\u0131nda Real Madrid, Vilarreal&#8217;e konuk oldu.<\/p>\n<p> Estadio de la Ceramica&#8217;da oynanan ma\u00e7\u0131 deplasman grubu 1-2 kazand\u0131.<\/p>\n<p> Villareal&#8217;in gol\u00fcn\u00fc, 7. dakikada<strong> Juan Marcos Foyth<\/strong> kaydetti. Real Madrid&#8217;e galibiyeti getiren goller ise 14 ve 23. dakikalarda <strong>Kylian Mbappe<\/strong>&#8216;den geldi.<\/p>\n<p> Bu sonu\u00e7la birlikte puan\u0131n\u0131 60&#8217;a y\u00fckselten Real Madrid, 2 ma\u00e7 ziyadesiyle Barcelona&#8217;\u0131n 3 puan \u00f6n\u00fcne ge\u00e7erek liderli\u011fe y\u00fckseldi.<\/p>\n<p> \u00dcst \u00fcste ikinci sefer ma\u011flup olan Villarreal ise 44 puanda kald\u0131 ve 5. s\u0131rada konumland\u0131.<\/p>\n<p> Ligde bir sonraki hafta Villarreal, Getafe&#8217;ye konuk olacak. Real Madrid ise Leganes&#8217;i a\u011f\u0131rlayacak.<\/p>\n<p> <strong>MBAPPE TAR\u0130HE GE\u00c7T\u0130<\/strong><\/p>\n<p> Ma\u00e7\u0131n birinci 20 dakikas\u0131nda 2 gol atan Kylian Mbappe, k\u0131r\u0131lmas\u0131 g\u00fc\u00e7 yeni bir rekor elde etti.<\/p>\n<p> Frans\u0131z golc\u00fc Kylian Mbappe, maj\u00f6r liglerde 6 d\u00f6nem \u00fcst \u00fcste 30 gol atan birinci Frans\u0131z futbolcu oldu.<\/p>\n<p> <strong>ARDA G\u00dcLER, 83&#8217;TE G\u0130RD\u0130<\/strong><\/p>\n<p> Ulusal futbolcumuz Arda G\u00fcler, 83. dakikada Fede Valverde&#8217;nin yerine oyuna dahil oldu.<\/p>\n<p> <strong>MBAPPE&#8217;DEN ARDA&#8217;YA TEPK\u0130!<\/strong><\/p>\n<p> Gayretin 87. dakikas\u0131nda Mbappe, Arda G\u00fcler&#8217;e reaksiyon g\u00f6sterdi. 82. dakikada oyuna giren ulusal oyuncumuz sa\u011f \u00e7arprazda topla bulu\u015ftu. Arda&#8217;n\u0131n \u015futu auta giderken Mbappe kendisine pas alamad\u0131\u011f\u0131 i\u00e7in Arda G\u00fcler&#8217;e sert bir reaksiyon g\u00f6sterdi.\u00a0<\/p>\n<p>https:\/\/twitter.com\/sporxtv\/status\/1900991837315203411<\/p>\n<\/p><\/div>\n<p><\/p>\n","protected":false},"excerpt":{"rendered":"<p>\u0130spanya La Liga&#8217;n\u0131n 28. haftas\u0131nda Real Madrid, deplasmanda geriye d\u00fc\u015ft\u00fc\u011f\u00fc ma\u00e7ta Villarreal&#8217;i 2-1 ma\u011flup etti.<\/p>\n","protected":false},"author":1,"featured_media":30231,"comment_status":"open","ping_status":"open","sticky":false,"template":"","format":"standard","meta":{"footnotes":""},"categories":[25],"tags":[864,77,477],"class_list":["post-30229","post","type-post","status-publish","format-standard","has-post-thumbnail","hentry","category-futbol","tag-arda","tag-gol","tag-mbappe"],"_links":{"self":[{"href":"https:\/\/haberbesiktas.tr\/index.php?rest_route=\/wp\/v2\/posts\/30229","targetHints":{"allow":["GET"]}}],"collection":[{"href":"https:\/\/haberbesiktas.tr\/index.php?rest_route=\/wp\/v2\/posts"}],"about":[{"href":"https:\/\/haberbesiktas.tr\/index.php?rest_route=\/wp\/v2\/types\/post"}],"author":[{"embeddable":true,"href":"https:\/\/haberbesiktas.tr\/index.php?rest_route=\/wp\/v2\/users\/1"}],"replies":[{"embeddable":true,"href":"https:\/\/haberbesiktas.tr\/index.php?rest_route=%2Fwp%2Fv2%2Fcomments&post=30229"}],"version-history":[{"count":1,"href":"https:\/\/haberbesiktas.tr\/index.php?rest_route=\/wp\/v2\/posts\/30229\/revisions"}],"predecessor-version":[{"id":30232,"href":"https:\/\/haberbesiktas.tr\/index.php?rest_route=\/wp\/v2\/posts\/30229\/revisions\/30232"}],"wp:featuredmedia":[{"embeddable":true,"href":"https:\/\/haberbesiktas.tr\/index.php?rest_route=\/wp\/v2\/media\/30231"}],"wp:attachment":[{"href":"https:\/\/haberbesiktas.tr\/index.php?rest_route=%2Fwp%2Fv2%2Fmedia&parent=30229"}],"wp:term":[{"taxonomy":"category","embeddable":true,"href":"https:\/\/haberbesiktas.tr\/index.php?rest_route=%2Fwp%2Fv2%2Fcategories&post=30229"},{"taxonomy":"post_tag","embeddable":true,"href":"https:\/\/haberbesiktas.tr\/index.php?rest_route=%2Fwp%2Fv2%2Ftags&post=30229"}],"curies":[{"name":"wp","href":"https:\/\/api.w.org\/{rel}","templated":true}]}}