{"id":30236,"date":"2025-05-14T14:00:25","date_gmt":"2025-05-14T14:00:25","guid":{"rendered":"https:\/\/haberbesiktas.tr\/?p=30236"},"modified":"2025-05-14T14:00:25","modified_gmt":"2025-05-14T14:00:25","slug":"koln-macinda-ismail-jakobs-surprizi","status":"publish","type":"post","link":"https:\/\/haberbesiktas.tr\/?p=30236","title":{"rendered":"K\u00f6ln ma\u00e7\u0131nda Ismail Jakobs s\u00fcrprizi!"},"content":{"rendered":"<div>Galatasaray formas\u0131 giyen Ismail Jakobs ile ilgili s\u00fcrpriz bir geli\u015fme ya\u015fand\u0131.<\/p>\n<p> Sakatl\u0131\u011f\u0131 nedeniyle bir m\u00fcddettir alanlardan uzak kalan Senegalli futbolcu, eski grubu K\u00f6ln&#8217;\u00fcn Darmstadt ile oynad\u0131\u011f\u0131 ma\u00e7\u0131 stadyumdan takip etti.<\/p>\n<p> K\u00f6ln, Ismail Jakobs i\u00e7in payla\u015f\u0131m yapt\u0131. Alman tak\u0131m\u0131n\u0131n payla\u015f\u0131m\u0131nda, &#8220;<strong>Seni g\u00f6rmek ho\u015f, Iso! Galatasaray&#8217;\u0131n bir sonraki ma\u00e7\u0131na 2 hafta var ve o da bu vakti en uygun halde de\u011ferlendiriyor!&#8221;<\/strong> denildi.<\/p>\n<p> Galatasaray&#8217;da bu d\u00f6nem 18 ma\u00e7ta m\u00fcddet bulan Jakobs, 1 asist yapt\u0131.<\/p>\n<p>https:\/\/twitter.com\/sporx\/status\/1901014725221081469<\/p>\n<\/p><\/div>\n<p><\/p>\n","protected":false},"excerpt":{"rendered":"<p>Galatasaray formas\u0131 giyen Ismail Jakobs, eski grubu K\u00f6ln&#8217;\u00fcn Darmstadt ile oynad\u0131\u011f\u0131 ma\u00e7\u0131 stadyumdan takip etti.<\/p>\n","protected":false},"author":1,"featured_media":30238,"comment_status":"open","ping_status":"open","sticky":false,"template":"","format":"standard","meta":{"footnotes":""},"categories":[25],"tags":[],"class_list":["post-30236","post","type-post","status-publish","format-standard","has-post-thumbnail","hentry","category-futbol"],"_links":{"self":[{"href":"https:\/\/haberbesiktas.tr\/index.php?rest_route=\/wp\/v2\/posts\/30236","targetHints":{"allow":["GET"]}}],"collection":[{"href":"https:\/\/haberbesiktas.tr\/index.php?rest_route=\/wp\/v2\/posts"}],"about":[{"href":"https:\/\/haberbesiktas.tr\/index.php?rest_route=\/wp\/v2\/types\/post"}],"author":[{"embeddable":true,"href":"https:\/\/haberbesiktas.tr\/index.php?rest_route=\/wp\/v2\/users\/1"}],"replies":[{"embeddable":true,"href":"https:\/\/haberbesiktas.tr\/index.php?rest_route=%2Fwp%2Fv2%2Fcomments&post=30236"}],"version-history":[{"count":1,"href":"https:\/\/haberbesiktas.tr\/index.php?rest_route=\/wp\/v2\/posts\/30236\/revisions"}],"predecessor-version":[{"id":30239,"href":"https:\/\/haberbesiktas.tr\/index.php?rest_route=\/wp\/v2\/posts\/30236\/revisions\/30239"}],"wp:featuredmedia":[{"embeddable":true,"href":"https:\/\/haberbesiktas.tr\/index.php?rest_route=\/wp\/v2\/media\/30238"}],"wp:attachment":[{"href":"https:\/\/haberbesiktas.tr\/index.php?rest_route=%2Fwp%2Fv2%2Fmedia&parent=30236"}],"wp:term":[{"taxonomy":"category","embeddable":true,"href":"https:\/\/haberbesiktas.tr\/index.php?rest_route=%2Fwp%2Fv2%2Fcategories&post=30236"},{"taxonomy":"post_tag","embeddable":true,"href":"https:\/\/haberbesiktas.tr\/index.php?rest_route=%2Fwp%2Fv2%2Ftags&post=30236"}],"curies":[{"name":"wp","href":"https:\/\/api.w.org\/{rel}","templated":true}]}}