{"id":30485,"date":"2025-05-15T04:48:14","date_gmt":"2025-05-15T04:48:14","guid":{"rendered":"https:\/\/haberbesiktas.tr\/?p=30485"},"modified":"2025-05-15T04:48:14","modified_gmt":"2025-05-15T04:48:14","slug":"basaksehirden-cagdas-atan-aciklamasi-2","status":"publish","type":"post","link":"https:\/\/haberbesiktas.tr\/?p=30485","title":{"rendered":"Ba\u015fak\u015fehir&#8217;den \u00c7a\u011fda\u015f Atan a\u00e7\u0131klamas\u0131!"},"content":{"rendered":"<div>Ba\u015fak\u015fehir, teknik y\u00f6netici \u00c7a\u011fda\u015f Atan&#8217;la ilgili bir a\u00e7\u0131klama yapt\u0131.<\/p>\n<p> \u0130stanbul tak\u0131m\u0131, Atan&#8217;\u0131n misyonuna devam etti\u011fini duyurdu.<\/p>\n<p> <strong>Ba\u015fak\u015fehir&#8217;in a\u00e7\u0131klamas\u0131 \u015fu formda:<\/strong><\/p>\n<p> &#8220;Teknik Y\u00f6neticimiz \u00c7a\u011fda\u015f Atan&#8217;\u0131n talebi \u00fczerine Liderimiz G\u00f6ksel G\u00fcm\u00fc\u015fda\u011f ve \u0130dare \u015euram\u0131z ile toplant\u0131 ger\u00e7ekle\u015ftirilmi\u015ftir. <br \/>Bu g\u00f6r\u00fc\u015fme sonucunda; ge\u00e7ti\u011fimiz d\u00f6nem grubumuzun Avrupa Kupalar\u0131na i\u015ftirake gelene\u011fini s\u00fcrd\u00fcren, UEFA Konferans Ligi&#8217;nde kadromuzu k\u00fcmelere ta\u015f\u0131yan, kontrat\u0131 devam eden Teknik Y\u00f6neticimiz \u00c7a\u011fda\u015f Atan vazifesine devam etmektedir.<\/p>\n<p> \u00c7a\u011fda\u015f Hocam\u0131za ve tak\u0131m\u0131na kalan haftalarda muvaffakiyetler dileriz.&#8221;<\/p>\n<p> <strong>BASIN TOPLANTISINDAK\u0130 S\u00d6ZLER\u0130<\/strong><\/p>\n<p> \u00c7a\u011fda\u015f Atan, Trabzonspor ma\u00e7\u0131n\u0131n akabinde yapt\u0131\u011f\u0131 a\u00e7\u0131klamada idare heyetiyle g\u00f6r\u00fc\u015fme yapaca\u011f\u0131n\u0131 s\u00f6ylemi\u015fti.<\/p>\n<p> \u0130dare heyetiyle g\u00f6r\u00fc\u015fme ger\u00e7ekle\u015ftirece\u011fini vurgulayan Atan, <strong>&#8220;Y\u00f6netimle g\u00f6r\u00fc\u015fme yapmam\u0131z gerekti\u011fini d\u00fc\u015f\u00fcn\u00fcyorum. \u0130nan\u00e7 toplant\u0131s\u0131 yapm\u0131\u015ft\u0131k lakin bu ma\u00e7ta kaybedi\u015f formumuz, birtak\u0131m kararlar almam\u0131z\u0131 gerektirebilir. Ondan sonras\u0131n\u0131 g\u00f6rece\u011fiz. \u0130darenin neyi hedefledi\u011fini bilmek istiyorum. Avrupa amac\u0131na y\u00f6nelik kararlar al\u0131nm\u0131\u015ft\u0131. \u015eu an o durumdan uzakla\u015fm\u0131\u015f g\u00f6z\u00fck\u00fcyoruz. Bu bahtlar\u0131 kullanam\u0131yoruz. \u00c7ok uygun bir yap\u0131lanma ya\u015fad\u0131\u011f\u0131m\u0131z\u0131 d\u00fc\u015f\u00fcn\u00fcyorum. Bu d\u00f6nem maalesef, ini\u015fli \u00e7\u0131k\u0131\u015fl\u0131. K\u0131r\u0131lma ma\u00e7lar\u0131nda \u00e7ok kazanamamam\u0131z bizi a\u00e7\u0131k\u00e7as\u0131 yordu.&#8221; <\/strong>i<strong>f<\/strong>adelerini kullanm\u0131\u015ft\u0131.<\/p>\n<\/div>\n<p><\/p>\n","protected":false},"excerpt":{"rendered":"<p>Ba\u015fak\u015fehir, \u00c7a\u011fda\u015f Atan&#8217;\u0131n misyonuna devam etti\u011fini a\u00e7\u0131klad\u0131.<\/p>\n","protected":false},"author":1,"featured_media":30486,"comment_status":"open","ping_status":"open","sticky":false,"template":"","format":"standard","meta":{"footnotes":""},"categories":[10],"tags":[1770,2543,59],"class_list":["post-30485","post","type-post","status-publish","format-standard","has-post-thumbnail","hentry","category-basketbol","tag-atan","tag-cagdas","tag-yonetim"],"_links":{"self":[{"href":"https:\/\/haberbesiktas.tr\/index.php?rest_route=\/wp\/v2\/posts\/30485","targetHints":{"allow":["GET"]}}],"collection":[{"href":"https:\/\/haberbesiktas.tr\/index.php?rest_route=\/wp\/v2\/posts"}],"about":[{"href":"https:\/\/haberbesiktas.tr\/index.php?rest_route=\/wp\/v2\/types\/post"}],"author":[{"embeddable":true,"href":"https:\/\/haberbesiktas.tr\/index.php?rest_route=\/wp\/v2\/users\/1"}],"replies":[{"embeddable":true,"href":"https:\/\/haberbesiktas.tr\/index.php?rest_route=%2Fwp%2Fv2%2Fcomments&post=30485"}],"version-history":[{"count":1,"href":"https:\/\/haberbesiktas.tr\/index.php?rest_route=\/wp\/v2\/posts\/30485\/revisions"}],"predecessor-version":[{"id":30487,"href":"https:\/\/haberbesiktas.tr\/index.php?rest_route=\/wp\/v2\/posts\/30485\/revisions\/30487"}],"wp:featuredmedia":[{"embeddable":true,"href":"https:\/\/haberbesiktas.tr\/index.php?rest_route=\/wp\/v2\/media\/30486"}],"wp:attachment":[{"href":"https:\/\/haberbesiktas.tr\/index.php?rest_route=%2Fwp%2Fv2%2Fmedia&parent=30485"}],"wp:term":[{"taxonomy":"category","embeddable":true,"href":"https:\/\/haberbesiktas.tr\/index.php?rest_route=%2Fwp%2Fv2%2Fcategories&post=30485"},{"taxonomy":"post_tag","embeddable":true,"href":"https:\/\/haberbesiktas.tr\/index.php?rest_route=%2Fwp%2Fv2%2Ftags&post=30485"}],"curies":[{"name":"wp","href":"https:\/\/api.w.org\/{rel}","templated":true}]}}