{"id":30585,"date":"2025-05-15T11:12:16","date_gmt":"2025-05-15T11:12:16","guid":{"rendered":"https:\/\/haberbesiktas.tr\/?p=30585"},"modified":"2025-05-15T11:12:16","modified_gmt":"2025-05-15T11:12:16","slug":"dele-alli-10-dakikada-kirmizi-gordu","status":"publish","type":"post","link":"https:\/\/haberbesiktas.tr\/?p=30585","title":{"rendered":"Dele Alli, 10 dakikada k\u0131rm\u0131z\u0131 g\u00f6rd\u00fc!"},"content":{"rendered":"<div>Bir periyot Be\u015fikta\u015f formas\u0131n\u0131 da terleten Dele Alli, 2 y\u0131l\u0131n akabinde ye\u015fil alanlara geri d\u00f6nd\u00fc. Dele Alli, Serie A&#8217;da Milan&#8217;a kar\u015f\u0131 oynanan gayrette 81. dakikada oyuna girdi ve 90. dakikada k\u0131rm\u0131z\u0131 kart g\u00f6rerek sahay\u0131 terk etti.<\/p>\n<p> Futbolcunun ekibi Como ise Milan deplasman\u0131ndan 2-1&#8217;lik skorla ma\u011flup ayr\u0131ld\u0131.<\/p>\n<p><strong>EN SON MA\u00c7I ANTALYASPOR<\/strong><\/p>\n<p> Dele Alli son resmi ma\u00e7\u0131na 26 \u015eubat 2023&#8217;te oynanan Be\u015fikta\u015f-Antalyaspor m\u00fcsabakas\u0131nda \u00e7\u0131km\u0131\u015ft\u0131. \u0130ngiliz futbolcu, yakla\u015f\u0131k 2 y\u0131l ortadan sonra Como formas\u0131yla Milan kar\u015f\u0131s\u0131nda alanlara geri d\u00f6nd\u00fc.<\/p>\n<p><strong>BE\u015e\u0130KTA\u015e&#8217;TA NE YAPMI\u015eTI?<\/strong><\/p>\n<p>Be\u015fikta\u015f formas\u0131yla bir d\u00f6nem ge\u00e7iren \u0130ngiliz y\u0131ld\u0131z, 15 ma\u00e7a \u00e7\u0131kt\u0131 ve 3 gol kaydetti.<\/p>\n<\/div>\n<p><\/p>\n","protected":false},"excerpt":{"rendered":"<p>Be\u015fikta\u015f formas\u0131n\u0131 2022\/23 d\u00f6neminde bir d\u00f6nem terleten Dele Alli o d\u00f6nemin akabinde birinci resmi ma\u00e7\u0131na Milan kar\u015f\u0131s\u0131nda \u00e7\u0131kt\u0131 ve k\u0131rm\u0131z\u0131 kart g\u00f6rd\u00fc.<\/p>\n","protected":false},"author":1,"featured_media":30586,"comment_status":"open","ping_status":"open","sticky":false,"template":"","format":"standard","meta":{"footnotes":""},"categories":[25],"tags":[],"class_list":["post-30585","post","type-post","status-publish","format-standard","has-post-thumbnail","hentry","category-futbol"],"_links":{"self":[{"href":"https:\/\/haberbesiktas.tr\/index.php?rest_route=\/wp\/v2\/posts\/30585","targetHints":{"allow":["GET"]}}],"collection":[{"href":"https:\/\/haberbesiktas.tr\/index.php?rest_route=\/wp\/v2\/posts"}],"about":[{"href":"https:\/\/haberbesiktas.tr\/index.php?rest_route=\/wp\/v2\/types\/post"}],"author":[{"embeddable":true,"href":"https:\/\/haberbesiktas.tr\/index.php?rest_route=\/wp\/v2\/users\/1"}],"replies":[{"embeddable":true,"href":"https:\/\/haberbesiktas.tr\/index.php?rest_route=%2Fwp%2Fv2%2Fcomments&post=30585"}],"version-history":[{"count":1,"href":"https:\/\/haberbesiktas.tr\/index.php?rest_route=\/wp\/v2\/posts\/30585\/revisions"}],"predecessor-version":[{"id":30587,"href":"https:\/\/haberbesiktas.tr\/index.php?rest_route=\/wp\/v2\/posts\/30585\/revisions\/30587"}],"wp:featuredmedia":[{"embeddable":true,"href":"https:\/\/haberbesiktas.tr\/index.php?rest_route=\/wp\/v2\/media\/30586"}],"wp:attachment":[{"href":"https:\/\/haberbesiktas.tr\/index.php?rest_route=%2Fwp%2Fv2%2Fmedia&parent=30585"}],"wp:term":[{"taxonomy":"category","embeddable":true,"href":"https:\/\/haberbesiktas.tr\/index.php?rest_route=%2Fwp%2Fv2%2Fcategories&post=30585"},{"taxonomy":"post_tag","embeddable":true,"href":"https:\/\/haberbesiktas.tr\/index.php?rest_route=%2Fwp%2Fv2%2Ftags&post=30585"}],"curies":[{"name":"wp","href":"https:\/\/api.w.org\/{rel}","templated":true}]}}