{"id":30594,"date":"2025-05-15T11:48:24","date_gmt":"2025-05-15T11:48:24","guid":{"rendered":"https:\/\/haberbesiktas.tr\/?p=30594"},"modified":"2025-05-15T11:48:24","modified_gmt":"2025-05-15T11:48:24","slug":"bahattin-sofuoglu-elimden-geleni-yapacagim","status":"publish","type":"post","link":"https:\/\/haberbesiktas.tr\/?p=30594","title":{"rendered":"Bahattin Sofuo\u011flu: &#8220;Elimden geleni yapaca\u011f\u0131m&#8221;"},"content":{"rendered":"<p>Yamaha Motoxracing grubuyla birinci defa u\u011fra\u015f etti\u011fi D\u00fcnya Superbike \u015eampiyonas\u0131&#8217;n\u0131n Avustralya&#8217;da ger\u00e7ekle\u015ftirilen birinci yar\u0131\u015f\u0131n\u0131 puanla tamamlayan Bahattin Sofuo\u011flu, Portekiz&#8217;de d\u00fczenlenecek 2. ayak yar\u0131\u015f\u0131na haz\u0131rlan\u0131yor.<\/p>\n<p> Sofuo\u011flu, tertibin \u015fubat ay\u0131nda Avustralya&#8217;da d\u00fczenlenen birinci yar\u0131\u015f\u0131nda damal\u0131 bayra\u011f\u0131 15. s\u0131rada ge\u00e7erek birinci puan\u0131n\u0131 ald\u0131.<\/p>\n<p> \u015eampiyonan\u0131n superpole yar\u0131\u015f\u0131nda 17&#8217;inci, ikinci yar\u0131\u015fta 16. s\u0131ray\u0131 alan Sofuo\u011flu, Portekiz&#8217;de 29-30 Mart tarihlerinde d\u00fczenlenecek 2. ayak yar\u0131\u015f\u0131nda \u00f6n s\u0131ralarda yer alma maksad\u0131yla \u00e7al\u0131\u015fmalar\u0131n\u0131 Akyaz\u0131 il\u00e7esindeki pistte T\u00fcrkiye Motosiklet Federasyonu Ulusal Kadrolar Kaptan\u0131 Kenan Sofuo\u011flu idaresinde s\u00fcrd\u00fcr\u00fcyor.<\/p>\n<p> <strong>&#8220;Fazla risk almadan elimden geleni yapaca\u011f\u0131m&#8221;<\/strong><\/p>\n<p> Bahattin Sofuo\u011flu, AA muhabirine, s\u00fcrecin, kendisi i\u00e7in \u00f6\u011frenme y\u0131l\u0131 olaca\u011f\u0131n\u0131 s\u00f6yledi.<\/p>\n<p> K\u0131\u015f testlerinde kaza ge\u00e7irdi\u011fini belirten Sofuo\u011flu,<strong> &#8220;Sakatl\u0131k devri ge\u00e7irdik. Ortada k\u0131sa m\u00fcddet vard\u0131. O m\u00fcddette rehabilitasyon g\u00f6rd\u00fcm. Orada haz\u0131rland\u0131m. Sonras\u0131nda yar\u0131\u015fa gittik. Maksad\u0131m\u0131z puan almakt\u0131. Daha d\u00fczg\u00fcn\u00fcn\u00fc yapabilece\u011fime inan\u0131yordum fakat bu sakatl\u0131klar nedeniyle kendimi biraz frenledim zira yeni bir kaza, \u00e7ok daha mak\u00fbs \u015feyler do\u011furabilirdi. Esasen elimden geleni yapabilece\u011fim \u015fey de puan almaya yetti. Bu bi\u00e7imde birinci yar\u0131\u015f\u0131m\u0131zdan d\u00f6nd\u00fck.&#8221;<\/strong> diye konu\u015ftu.<\/p>\n<p> Sofuo\u011flu, idmanlar\u0131n\u0131 s\u00fcrat kesmeden s\u00fcrd\u00fcrd\u00fcklerini anlatarak, Portekiz&#8217;de d\u00fczenlenecek yar\u0131\u015fta fazla risk almadan elinden geleni yapaca\u011f\u0131n\u0131 kaydetti.<\/p>\n<p> \u015eampiyonan\u0131n Portekiz etab\u0131na kadar g\u00fczelle\u015febilece\u011fini d\u00fc\u015f\u00fcnd\u00fc\u011f\u00fcn\u00fc lisana getiren Sofuo\u011flu, <strong>&#8220;Son 3-4 g\u00fcnd\u00fcr bedenim b\u00fcsb\u00fct\u00fcn kendine geldi \u00fczere, yani eskisi \u00fczere kullanabiliyorum \u00fczere hissediyorum. Portekiz yar\u0131\u015f\u0131na kadar daha \u00e2l\u00e2 toparlayacakt\u0131r.&#8221;<\/strong> de\u011ferlendirmesinde bulundu.<\/p>\n<p> Sofuo\u011flu, Portekiz etab\u0131nda \u00f6n s\u0131ralarda yer bulmay\u0131 hedefledi\u011fini aktararak,<strong> &#8220;\u0130lk yar\u0131\u015fta puan\u0131m\u0131z\u0131 ald\u0131k. Amac\u0131m Portekiz&#8217;de ikinci yar\u0131\u015f i\u00e7in biraz daha \u00f6n s\u0131ralar olacakt\u0131r. Uzun atlama yap\u0131p sonra gelip d\u00fc\u015fmek istemiyorum. Daha evvelden o denli bir \u015fey ya\u015fad\u0131m mesle\u011fimde. O y\u00fczden ad\u0131m ad\u0131m gitmeyi planl\u0131yorum.&#8221;<\/strong> s\u00f6zlerini kulland\u0131.<\/p>\n<p> <strong>&#8220;\u0130n\u015fallah bu y\u0131l podyum olur&#8221;<\/strong><\/p>\n<p> Bu klasmana birinci kez \u00e7\u0131kt\u0131\u011f\u0131n\u0131 anlatan Sofuo\u011flu, <strong>&#8220;\u0130n\u015fallah bu y\u0131l podyum olur. Olursa \u00e7ok ho\u015f olur lakin dedi\u011fim \u00fczere ad\u0131m ad\u0131m gitmeyi d\u00fc\u015f\u00fcn\u00fcyorum. D\u00f6nem sonu olursa muhte\u015fem olur. Sonras\u0131nda ileriki d\u00f6nem orada daha g\u00fc\u00e7l\u00fc ba\u015flarsak bu t\u00fcrl\u00fc ho\u015f devam eder.&#8221;<\/strong> dedi.<\/p>\n<p> Bahattin Sofuo\u011flu, daha s\u00fcratli ve a\u011f\u0131r oldu\u011funu belirtti\u011fi yeni motosikletine al\u0131\u015fma s\u00fcrecinin g\u00fczel gitti\u011fini tabir etti.<\/p>\n<p> Ulusal motosiklet\u00e7i Toprak Razgatl\u0131o\u011flu&#8217;nun kendisine takviye verdi\u011fini kaydeden Sofuo\u011flu, <strong>&#8220;Yar\u0131\u015fmaya ba\u015flad\u0131\u011f\u0131mdan beri birlikte idman yap\u0131yoruz. Superbike&#8217;da yar\u0131\u015fta da m\u00fcsait oldu\u011fu vakitlerde garaj\u0131ma geliyor. Bana aktarabilece\u011fi \u015feyleri aktar\u0131yor. Takviyesini g\u00f6r\u00fcyorum. \u0130n\u015fallah en k\u0131sa vakitte Superbike&#8217;da k\u00e2fi tecr\u00fcbeyi kazan\u0131r\u0131m. Onunla bir arada pistte denk gelmek, bir arada s\u00fcrmek, in\u015fallah en k\u0131sa vakitte nasip olur.&#8221;<\/strong> diye konu\u015ftu.<\/p>\n","protected":false},"excerpt":{"rendered":"<p>Mesle\u011finde birinci sefer yar\u0131\u015ft\u0131\u011f\u0131 D\u00fcnya Superbike \u015eampiyonas\u0131&#8217;n\u0131n Avustralya&#8217;da ger\u00e7ekle\u015ftirilen birinci yar\u0131\u015f\u0131n\u0131 puanla tamamlayan ulusal motosiklet\u00e7i Bahattin Sofuo\u011flu, Portekiz&#8217;de d\u00fczenlenecek 2. ayak yar\u0131\u015f\u0131nda \u00f6n s\u0131ralar\u0131 hedefliyor.<\/p>\n","protected":false},"author":1,"featured_media":30595,"comment_status":"open","ping_status":"open","sticky":false,"template":"","format":"standard","meta":{"footnotes":""},"categories":[27],"tags":[1289,2000,603,88],"class_list":["post-30594","post","type-post","status-publish","format-standard","has-post-thumbnail","hentry","category-guncel-haberler","tag-alma","tag-portekiz","tag-sofuoglu","tag-yaris"],"_links":{"self":[{"href":"https:\/\/haberbesiktas.tr\/index.php?rest_route=\/wp\/v2\/posts\/30594","targetHints":{"allow":["GET"]}}],"collection":[{"href":"https:\/\/haberbesiktas.tr\/index.php?rest_route=\/wp\/v2\/posts"}],"about":[{"href":"https:\/\/haberbesiktas.tr\/index.php?rest_route=\/wp\/v2\/types\/post"}],"author":[{"embeddable":true,"href":"https:\/\/haberbesiktas.tr\/index.php?rest_route=\/wp\/v2\/users\/1"}],"replies":[{"embeddable":true,"href":"https:\/\/haberbesiktas.tr\/index.php?rest_route=%2Fwp%2Fv2%2Fcomments&post=30594"}],"version-history":[{"count":1,"href":"https:\/\/haberbesiktas.tr\/index.php?rest_route=\/wp\/v2\/posts\/30594\/revisions"}],"predecessor-version":[{"id":30596,"href":"https:\/\/haberbesiktas.tr\/index.php?rest_route=\/wp\/v2\/posts\/30594\/revisions\/30596"}],"wp:featuredmedia":[{"embeddable":true,"href":"https:\/\/haberbesiktas.tr\/index.php?rest_route=\/wp\/v2\/media\/30595"}],"wp:attachment":[{"href":"https:\/\/haberbesiktas.tr\/index.php?rest_route=%2Fwp%2Fv2%2Fmedia&parent=30594"}],"wp:term":[{"taxonomy":"category","embeddable":true,"href":"https:\/\/haberbesiktas.tr\/index.php?rest_route=%2Fwp%2Fv2%2Fcategories&post=30594"},{"taxonomy":"post_tag","embeddable":true,"href":"https:\/\/haberbesiktas.tr\/index.php?rest_route=%2Fwp%2Fv2%2Ftags&post=30594"}],"curies":[{"name":"wp","href":"https:\/\/api.w.org\/{rel}","templated":true}]}}