{"id":30672,"date":"2025-05-15T17:12:17","date_gmt":"2025-05-15T17:12:17","guid":{"rendered":"https:\/\/haberbesiktas.tr\/?p=30672"},"modified":"2025-05-15T17:12:17","modified_gmt":"2025-05-15T17:12:17","slug":"diogo-sousa-fenerbahce-macidna-yok","status":"publish","type":"post","link":"https:\/\/haberbesiktas.tr\/?p=30672","title":{"rendered":"Diogo Sousa, Fenerbah\u00e7e ma\u00e7\u0131dna yok!"},"content":{"rendered":"<div>Trendyol \u00dcst\u00fcn Lig&#8217;in 28. haftas\u0131nda Bodrum FK, \u00c7aykur Rizespor&#8217;u deplasmanda 2-0 yendi.\u00a0<\/p>\n<p>Ma\u00e7\u0131n 80. dakikas\u0131nda Bodrum FK kalecisi Diogo Sousa, sar\u0131 kart g\u00f6rd\u00fc ve gelecek hafta cezal\u0131 duruma d\u00fc\u015ft\u00fc.\u00a0<\/p>\n<p>Portekizli oyuncu, gelecek hafta oynanacak Fenerbah\u00e7e ma\u00e7\u0131nda tak\u0131mda yer alamayacak.<\/p><\/div>\n<p><\/p>\n","protected":false},"excerpt":{"rendered":"<p>Bodrum FK&#8217;nin as kalecisi Diogo Sousa, sar\u0131 kart g\u00f6rerek Fenerbah\u00e7e ma\u00e7\u0131nda cezal\u0131\u00a0duruma\u00a0d\u00fc\u015ft\u00fc.<\/p>\n","protected":false},"author":1,"featured_media":30673,"comment_status":"open","ping_status":"open","sticky":false,"template":"","format":"standard","meta":{"footnotes":""},"categories":[25],"tags":[],"class_list":["post-30672","post","type-post","status-publish","format-standard","has-post-thumbnail","hentry","category-futbol"],"_links":{"self":[{"href":"https:\/\/haberbesiktas.tr\/index.php?rest_route=\/wp\/v2\/posts\/30672","targetHints":{"allow":["GET"]}}],"collection":[{"href":"https:\/\/haberbesiktas.tr\/index.php?rest_route=\/wp\/v2\/posts"}],"about":[{"href":"https:\/\/haberbesiktas.tr\/index.php?rest_route=\/wp\/v2\/types\/post"}],"author":[{"embeddable":true,"href":"https:\/\/haberbesiktas.tr\/index.php?rest_route=\/wp\/v2\/users\/1"}],"replies":[{"embeddable":true,"href":"https:\/\/haberbesiktas.tr\/index.php?rest_route=%2Fwp%2Fv2%2Fcomments&post=30672"}],"version-history":[{"count":1,"href":"https:\/\/haberbesiktas.tr\/index.php?rest_route=\/wp\/v2\/posts\/30672\/revisions"}],"predecessor-version":[{"id":30674,"href":"https:\/\/haberbesiktas.tr\/index.php?rest_route=\/wp\/v2\/posts\/30672\/revisions\/30674"}],"wp:featuredmedia":[{"embeddable":true,"href":"https:\/\/haberbesiktas.tr\/index.php?rest_route=\/wp\/v2\/media\/30673"}],"wp:attachment":[{"href":"https:\/\/haberbesiktas.tr\/index.php?rest_route=%2Fwp%2Fv2%2Fmedia&parent=30672"}],"wp:term":[{"taxonomy":"category","embeddable":true,"href":"https:\/\/haberbesiktas.tr\/index.php?rest_route=%2Fwp%2Fv2%2Fcategories&post=30672"},{"taxonomy":"post_tag","embeddable":true,"href":"https:\/\/haberbesiktas.tr\/index.php?rest_route=%2Fwp%2Fv2%2Ftags&post=30672"}],"curies":[{"name":"wp","href":"https:\/\/api.w.org\/{rel}","templated":true}]}}