{"id":30705,"date":"2025-05-15T19:24:20","date_gmt":"2025-05-15T19:24:20","guid":{"rendered":"https:\/\/haberbesiktas.tr\/?p=30705"},"modified":"2025-05-15T19:24:20","modified_gmt":"2025-05-15T19:24:20","slug":"ilhan-paluttan-veda-sinyali","status":"publish","type":"post","link":"https:\/\/haberbesiktas.tr\/?p=30705","title":{"rendered":"\u0130lhan Palut&#8217;tan veda sinyali!"},"content":{"rendered":"<div>Rizespor Teknik Y\u00f6neticisi \u0130lhan Palut, Bodrum FK yenilgisinin akabinde a\u00e7\u0131klamalarda bulundu.<\/p>\n<p> Palut, <strong>&#8220;Futbola dair konu\u015fulacak pek bir \u015fey yok. \u015eanss\u0131z bir gol yedik. Ba\u011f\u0131rarak bir k\u0131rm\u0131z\u0131 kart geldi. \u0130kinci yar\u0131ya yeni bir g\u00fc\u00e7le girebilir miyiz diye d\u00fc\u015f\u00fcnd\u00fck. Rakibin ikinci gol\u00fc son derece demoralize ediciydi. Maalesef kadrom a\u015fa\u011f\u0131 d\u00fc\u015ft\u00fc.<\/strong>&#8221; tabirlerini kulland\u0131.<\/p>\n<p> Hezimet sonras\u0131 veda sinyali veren \u0130lhan Palut, <strong>&#8220;G\u00f6r\u00fcnt\u00fc g\u00fczel de\u011fil. Uygun bir yere gitmiyoruz. Seyircilerin yans\u0131s\u0131 var. Bu vakte kadar bana \u00e7ok naziklerdi. Bu reaksiyonlar\u0131 pek anla\u015f\u0131l\u0131rd\u0131. Oyuncular\u0131m\u0131z da yans\u0131lardan nasibini ald\u0131. Benim teknik y\u00f6netici oldu\u011fum yerde oyuncular\u0131ma g\u00f6sterilen yans\u0131lar\u0131 i\u015fitmek de kolay bir \u015fey de\u011fil. Son derece hakl\u0131lar ve \u00f6l\u00e7\u00fcl\u00fclerdi. \u0130\u00e7eriye yeni bir g\u00fc\u00e7 laz\u0131m. Yeni bir \u015fey s\u00f6ylemek laz\u0131m. Ya da yenilenmek laz\u0131m. Ben bu kul\u00fcb\u00fcn bir \u00e7al\u0131\u015fan\u0131y\u0131m. Ba\u015f\u0131ma buyruk a\u00e7\u0131klamalar yapamam ne kadar kendimi berbat hissetsem de. Ancak ben insanlar\u0131n h\u00fcrmetini kullan\u0131p bulundu\u011fum yerde s\u00fcremi uzatacak bir antren\u00f6r asla de\u011filim. \u00c7aykur Rizespor i\u00e7in en g\u00fczeli ne olacaksa ben bunun i\u00e7in katk\u0131 vermeye haz\u0131r\u0131m. \u0130dareyle konu\u015faca\u011f\u0131m, kendimi dinleyece\u011fim ve en do\u011frusu neyse onu yapaca\u011f\u0131z.&#8221;<\/strong> diye konu\u015ftu.<\/p>\n<\/div>\n<p><\/p>\n","protected":false},"excerpt":{"rendered":"<p>Rizespor Teknik Y\u00f6neticisi \u0130lhan Palut, Bodrum FK ma\u00e7\u0131 sonras\u0131 yapt\u0131\u011f\u0131 a\u00e7\u0131klamada veda sinyali verdi.<\/p>\n","protected":false},"author":1,"featured_media":30706,"comment_status":"open","ping_status":"open","sticky":false,"template":"","format":"standard","meta":{"footnotes":""},"categories":[25],"tags":[],"class_list":["post-30705","post","type-post","status-publish","format-standard","has-post-thumbnail","hentry","category-futbol"],"_links":{"self":[{"href":"https:\/\/haberbesiktas.tr\/index.php?rest_route=\/wp\/v2\/posts\/30705","targetHints":{"allow":["GET"]}}],"collection":[{"href":"https:\/\/haberbesiktas.tr\/index.php?rest_route=\/wp\/v2\/posts"}],"about":[{"href":"https:\/\/haberbesiktas.tr\/index.php?rest_route=\/wp\/v2\/types\/post"}],"author":[{"embeddable":true,"href":"https:\/\/haberbesiktas.tr\/index.php?rest_route=\/wp\/v2\/users\/1"}],"replies":[{"embeddable":true,"href":"https:\/\/haberbesiktas.tr\/index.php?rest_route=%2Fwp%2Fv2%2Fcomments&post=30705"}],"version-history":[{"count":1,"href":"https:\/\/haberbesiktas.tr\/index.php?rest_route=\/wp\/v2\/posts\/30705\/revisions"}],"predecessor-version":[{"id":30707,"href":"https:\/\/haberbesiktas.tr\/index.php?rest_route=\/wp\/v2\/posts\/30705\/revisions\/30707"}],"wp:featuredmedia":[{"embeddable":true,"href":"https:\/\/haberbesiktas.tr\/index.php?rest_route=\/wp\/v2\/media\/30706"}],"wp:attachment":[{"href":"https:\/\/haberbesiktas.tr\/index.php?rest_route=%2Fwp%2Fv2%2Fmedia&parent=30705"}],"wp:term":[{"taxonomy":"category","embeddable":true,"href":"https:\/\/haberbesiktas.tr\/index.php?rest_route=%2Fwp%2Fv2%2Fcategories&post=30705"},{"taxonomy":"post_tag","embeddable":true,"href":"https:\/\/haberbesiktas.tr\/index.php?rest_route=%2Fwp%2Fv2%2Ftags&post=30705"}],"curies":[{"name":"wp","href":"https:\/\/api.w.org\/{rel}","templated":true}]}}