{"id":30714,"date":"2025-05-15T20:00:19","date_gmt":"2025-05-15T20:00:19","guid":{"rendered":"https:\/\/haberbesiktas.tr\/?p=30714"},"modified":"2025-05-15T20:00:19","modified_gmt":"2025-05-15T20:00:19","slug":"kimmichten-psg-itirafi","status":"publish","type":"post","link":"https:\/\/haberbesiktas.tr\/?p=30714","title":{"rendered":"Kimmich&#8217;ten PSG itiraf\u0131!"},"content":{"rendered":"<div>Bayern M\u00fcnih formas\u0131 giyen Joshua Kimmich, Paris Saint-Germanin sorusuna yan\u0131t verdi.<\/p>\n<p> Alman grubuyla kontrat uzatan Kimmich, &#8220;P<strong>SG, sizin transferinizi \u00e7ok istedi, de\u011fil mi?&#8221;<\/strong> halinde gelen sorunun akabinde, &#8220;<strong>Di\u011fer kul\u00fcpler hakk\u0131nda konu\u015fmak istemiyorum.&#8221;<\/strong> dedi.<\/p>\n<p> Kimmich, &#8220;<strong>Evet ancak PSG&#8217;nin mali boyutu Bayern M\u00fcnih&#8217;e nazaran \u00e7ok daha farkl\u0131 olurdu.&#8221;<\/strong> bi\u00e7iminde gelen hat\u0131rlatman\u0131n akabinde, <strong>&#8220;Hangi kul\u00fcp ya da kul\u00fcpler olursa olsun, bir kul\u00fcb\u00fcn sizin i\u00e7in \u00e7aba etmesi, sizi be\u011fenmesi ve ekonomik paket de dahil olmak \u00fczere bir bak\u0131\u015f a\u00e7\u0131s\u0131 sunmas\u0131 her vakit g\u00fczel hissettirir.&#8221;<\/strong> diye konu\u015ftu.<\/p>\n<p> Alman y\u0131ld\u0131z, &#8220;<strong>Bayern M\u00fcnih&#8217;ten ayr\u0131lmaya ve transfer olmaya ne kadar yak\u0131nd\u0131n\u0131z?&#8221;<\/strong> formunda gelen sorunun akabinde, <strong>&#8220;Benim durumum \u00f6zeldi zira kontrat\u0131m yaz\u0131n sona erecekti ve 1 Ocak&#8217;tan itibaren kul\u00fcplerle g\u00f6r\u00fc\u015fme hakk\u0131m vard\u0131. Bu benim i\u00e7in yeni bir durumdu zira daha evvel kontrat\u0131m\u0131 daima 2 ya da 2.5 y\u0131l uzatm\u0131\u015ft\u0131m. Bu y\u0131ldan evvel di\u011fer kul\u00fcplerle hi\u00e7 konu\u015fmad\u0131m. Bu mevzuda \u00e7ok d\u00fczg\u00fcn d\u00fc\u015f\u00fcnd\u00fcm zira karar vermek benim i\u00e7in \u00e7ok de\u011ferliydi. T\u00fcm se\u00e7eneklerimi bilmek, bunlar\u0131 k\u0131ymetlendirmek ve sonras\u0131nda kendim ve ailem i\u00e7in en g\u00fczeline karar vermek istedim.<\/strong>&#8221; dedi.<\/p>\n<p> Bayern M\u00fcnih, ge\u00e7ti\u011fimiz g\u00fcnlerde Kimmich&#8217;in kontrat\u0131n\u0131 2029 y\u0131l\u0131na kadar uzatm\u0131\u015ft\u0131.<\/p>\n<\/div>\n<p><\/p>\n","protected":false},"excerpt":{"rendered":"<p>Bayern M\u00fcnih ile kontrat\u0131n\u0131 uzatan Joshua Kimmich, Paris Saint-Germanin ile ilgili gelen soruya yan\u0131t verdi.<\/p>\n","protected":false},"author":1,"featured_media":30715,"comment_status":"open","ping_status":"open","sticky":false,"template":"","format":"standard","meta":{"footnotes":""},"categories":[25],"tags":[543],"class_list":["post-30714","post","type-post","status-publish","format-standard","has-post-thumbnail","hentry","category-futbol","tag-kulup"],"_links":{"self":[{"href":"https:\/\/haberbesiktas.tr\/index.php?rest_route=\/wp\/v2\/posts\/30714","targetHints":{"allow":["GET"]}}],"collection":[{"href":"https:\/\/haberbesiktas.tr\/index.php?rest_route=\/wp\/v2\/posts"}],"about":[{"href":"https:\/\/haberbesiktas.tr\/index.php?rest_route=\/wp\/v2\/types\/post"}],"author":[{"embeddable":true,"href":"https:\/\/haberbesiktas.tr\/index.php?rest_route=\/wp\/v2\/users\/1"}],"replies":[{"embeddable":true,"href":"https:\/\/haberbesiktas.tr\/index.php?rest_route=%2Fwp%2Fv2%2Fcomments&post=30714"}],"version-history":[{"count":1,"href":"https:\/\/haberbesiktas.tr\/index.php?rest_route=\/wp\/v2\/posts\/30714\/revisions"}],"predecessor-version":[{"id":30716,"href":"https:\/\/haberbesiktas.tr\/index.php?rest_route=\/wp\/v2\/posts\/30714\/revisions\/30716"}],"wp:featuredmedia":[{"embeddable":true,"href":"https:\/\/haberbesiktas.tr\/index.php?rest_route=\/wp\/v2\/media\/30715"}],"wp:attachment":[{"href":"https:\/\/haberbesiktas.tr\/index.php?rest_route=%2Fwp%2Fv2%2Fmedia&parent=30714"}],"wp:term":[{"taxonomy":"category","embeddable":true,"href":"https:\/\/haberbesiktas.tr\/index.php?rest_route=%2Fwp%2Fv2%2Fcategories&post=30714"},{"taxonomy":"post_tag","embeddable":true,"href":"https:\/\/haberbesiktas.tr\/index.php?rest_route=%2Fwp%2Fv2%2Ftags&post=30714"}],"curies":[{"name":"wp","href":"https:\/\/api.w.org\/{rel}","templated":true}]}}