{"id":30729,"date":"2025-05-15T21:00:38","date_gmt":"2025-05-15T21:00:38","guid":{"rendered":"https:\/\/haberbesiktas.tr\/?p=30729"},"modified":"2025-05-15T21:00:38","modified_gmt":"2025-05-15T21:00:38","slug":"jose-moraisten-volkan-demirel-ve-jose-mourinho-aciklamasi","status":"publish","type":"post","link":"https:\/\/haberbesiktas.tr\/?p=30729","title":{"rendered":"Jose Morais&#8217;ten Volkan Demirel ve Jose Mourinho a\u00e7\u0131klamas\u0131!"},"content":{"rendered":"<div>Bodrum FK Teknik Y\u00f6neticisi Jose Morais, \u00c7aykur Rizespor kar\u015f\u0131s\u0131nda al\u0131nan 2-0&#8217;l\u0131k galibiyet sonras\u0131 a\u00e7\u0131klamalar yapt\u0131.\u00a0\u00a0 Sipay Bodrum FK teknik y\u00f6neticisi Jose Morais, galibiyetten \u00f6t\u00fcr\u00fc oyuncular\u0131n\u0131 tebrik etti.<\/p>\n<p> \u00c7aykur Rizespor&#8217;un g\u00fczel kadro oldu\u011funu ve g\u00fczel oyuncular\u0131n\u0131n bulun\u011fununu vurgulayarak &#8220;\u0130yi tertibe sahip bir ekibe kar\u015f\u0131 oynad\u0131k. Bu a\u00e7\u0131dan galibiyeti daha bedelli k\u0131ld\u0131.&#8221; dedi.<\/p>\n<p><strong>&#8220;ZOR B\u0130R VAZ\u0130FES\u0130 VARDI&#8221;<\/strong><\/p>\n<p> Volkan Demirel&#8217;in daha evvel ekipte g\u00fczel i\u015fler yapt\u0131\u011f\u0131n\u0131 tabir eden Morais, <strong>&#8220;Bir gruba d\u00f6nem ortas\u0131nda gelmek zordur. Her \u015feyi bir anda yapman\u0131z m\u00fcmk\u00fcn de\u011fil. Onun g\u00fczel yapt\u0131\u011f\u0131 \u015feylerin yan\u0131nda birtak\u0131m \u015feyleri ekleyerek \u015fu an sonu\u00e7lar\u0131 al\u0131yoruz. \u015eu periyoda kadar grup olarak d\u00fczg\u00fcn haz\u0131rland\u0131k. Ben oyuncular\u0131mdan ne istediysem onlar yerine getirmeye \u00e7al\u0131\u015ft\u0131lar. Ben grubumla bu bi\u00e7imde \u00e7al\u0131\u015fmalar\u0131m\u0131 s\u00fcrd\u00fcr\u00fcyorum. Teknik y\u00f6neticilik misyonu zordur. Ben o noktada meslekta\u015flar\u0131ma h\u00fcrmet duyuyorum. G\u00fc\u00e7 bir misyonu vard\u0131. Ben o vazifesi devrald\u0131m. D\u00fczg\u00fcn i\u015fler yaparak sonu\u00e7lar\u0131 buraya kadar getirdik. Oyuncular\u0131mla \u00e7al\u0131\u015fmaya devam edece\u011fim. &#8220;<\/strong> de\u011ferlendirmesinde bulundu.<\/p>\n<p><strong>&#8220;MOURINHO, A\u0130LEMDEN B\u0130R\u0130 G\u0130B\u0130&#8221;<\/strong><\/p>\n<p> Morais, Fenerbah\u00e7e ma\u00e7\u0131 ile ilgili soruya ise <strong>&#8220;\u00d6n\u00fcm\u00fczde vakit var. Ben Mourinho ile \u00e7al\u0131\u015ft\u0131m ve \u00e7ok \u015fey \u00f6\u011frendim. \u00c7ok sevdi\u011fim ailemden birisi \u00fczere. Onunla her vakit kar\u015f\u0131la\u015fmak ve oynamak gururdur. Ona kar\u015f\u0131 oynad\u0131\u011f\u0131n\u0131z vakit bir \u015feyler \u00f6\u011frenirsiniz. \u00c7ok b\u00fcy\u00fck bir teknik y\u00f6netici. Profesyonel olarak bug\u00fcn buradaysam onun da hissesi b\u00fcy\u00fck. Vakti gelince haz\u0131rl\u0131klar\u0131m\u0131z\u0131 yapaca\u011f\u0131z.&#8221;<\/strong> kar\u015f\u0131l\u0131\u011f\u0131n\u0131 verdi.<\/p>\n<\/div>\n<p><\/p>\n","protected":false},"excerpt":{"rendered":"<p>Bodrum FK Teknik Y\u00f6neticisi Jose Morais, \u00c7aykur Rizespor kar\u015f\u0131s\u0131nda al\u0131nan 2-0&#8217;l\u0131k galibiyet sonras\u0131 a\u00e7\u0131klamalarda bulundu.<\/p>\n","protected":false},"author":1,"featured_media":30730,"comment_status":"open","ping_status":"open","sticky":false,"template":"","format":"standard","meta":{"footnotes":""},"categories":[25],"tags":[52],"class_list":["post-30729","post","type-post","status-publish","format-standard","has-post-thumbnail","hentry","category-futbol","tag-takim"],"_links":{"self":[{"href":"https:\/\/haberbesiktas.tr\/index.php?rest_route=\/wp\/v2\/posts\/30729","targetHints":{"allow":["GET"]}}],"collection":[{"href":"https:\/\/haberbesiktas.tr\/index.php?rest_route=\/wp\/v2\/posts"}],"about":[{"href":"https:\/\/haberbesiktas.tr\/index.php?rest_route=\/wp\/v2\/types\/post"}],"author":[{"embeddable":true,"href":"https:\/\/haberbesiktas.tr\/index.php?rest_route=\/wp\/v2\/users\/1"}],"replies":[{"embeddable":true,"href":"https:\/\/haberbesiktas.tr\/index.php?rest_route=%2Fwp%2Fv2%2Fcomments&post=30729"}],"version-history":[{"count":1,"href":"https:\/\/haberbesiktas.tr\/index.php?rest_route=\/wp\/v2\/posts\/30729\/revisions"}],"predecessor-version":[{"id":30731,"href":"https:\/\/haberbesiktas.tr\/index.php?rest_route=\/wp\/v2\/posts\/30729\/revisions\/30731"}],"wp:featuredmedia":[{"embeddable":true,"href":"https:\/\/haberbesiktas.tr\/index.php?rest_route=\/wp\/v2\/media\/30730"}],"wp:attachment":[{"href":"https:\/\/haberbesiktas.tr\/index.php?rest_route=%2Fwp%2Fv2%2Fmedia&parent=30729"}],"wp:term":[{"taxonomy":"category","embeddable":true,"href":"https:\/\/haberbesiktas.tr\/index.php?rest_route=%2Fwp%2Fv2%2Fcategories&post=30729"},{"taxonomy":"post_tag","embeddable":true,"href":"https:\/\/haberbesiktas.tr\/index.php?rest_route=%2Fwp%2Fv2%2Ftags&post=30729"}],"curies":[{"name":"wp","href":"https:\/\/api.w.org\/{rel}","templated":true}]}}