{"id":30732,"date":"2025-05-15T21:12:21","date_gmt":"2025-05-15T21:12:21","guid":{"rendered":"https:\/\/haberbesiktas.tr\/?p=30732"},"modified":"2025-05-15T21:12:21","modified_gmt":"2025-05-15T21:12:21","slug":"erzurumspor-amed-deplasmaninda-galip","status":"publish","type":"post","link":"https:\/\/haberbesiktas.tr\/?p=30732","title":{"rendered":"Erzurumspor, Amed deplasman\u0131nda galip!"},"content":{"rendered":"<div>Trendyol 1. Lig&#8217;in 30. haftas\u0131nda Amed ile Erzurumspor kar\u015f\u0131 kar\u015f\u0131ya geldi. Diyarbak\u0131r Stadyumu&#8217;nda oynan ma\u00e7ta Erzurumspor konuk oldu\u011fu Amed&#8217;i 2-1 ma\u011flup etti.<\/p>\n<p>Erzurumspor&#8217;da galibiyeti getiren golleri 27. dakikada\u00a0 Tonio Teklic ve 76. dakikada Cheikne Sylla kaydetti.<\/p>\n<p>Ev sahibi Amed&#8217;in tek gol\u00fc ise 54. dakikada Daniel Masquera&#8217;dan geldi.<\/p>\n<p><strong>6 MA\u00c7 SONRA YEN\u0130LD\u0130<\/strong><\/p>\n<p>Amed&#8217;in ligdeki 6 ma\u00e7l\u0131k yenilmezlik serisi bu ma\u00e7la birlikte son buldu. Erzurumspor ligde \u00fcst \u00fcste 2. galibiyetini ald\u0131.<\/p>\n<p>Bu sonu\u00e7la birlikte Erzurumspor puan\u0131n\u0131 51 yaparak ligde 3. s\u0131raya y\u00fckseldi. Amed ald\u0131\u011f\u0131 ma\u011flubiyet ile birlikte 43 puanda kald\u0131 ve 10. s\u0131rada yer ald\u0131.<\/p>\n<p>Amed gelecek hafta 1. Lig&#8217;de Ke\u00e7i\u00f6reng\u00fcc\u00fc deplasman\u0131na gidecek. Erzurumspor alan\u0131nda Manisa FK&#8217;yi konuk edecek.<\/p><\/div>\n<p><\/p>\n","protected":false},"excerpt":{"rendered":"<p>Trendyol 1. Lig&#8217;in 30. haftas\u0131nda Erzurumspor konuk oldu\u011fu Amed&#8217;i 2-1 ma\u011flup etti.<\/p>\n","protected":false},"author":1,"featured_media":30733,"comment_status":"open","ping_status":"open","sticky":false,"template":"","format":"standard","meta":{"footnotes":""},"categories":[25],"tags":[1856,1185],"class_list":["post-30732","post","type-post","status-publish","format-standard","has-post-thumbnail","hentry","category-futbol","tag-amed","tag-erzurumspor"],"_links":{"self":[{"href":"https:\/\/haberbesiktas.tr\/index.php?rest_route=\/wp\/v2\/posts\/30732","targetHints":{"allow":["GET"]}}],"collection":[{"href":"https:\/\/haberbesiktas.tr\/index.php?rest_route=\/wp\/v2\/posts"}],"about":[{"href":"https:\/\/haberbesiktas.tr\/index.php?rest_route=\/wp\/v2\/types\/post"}],"author":[{"embeddable":true,"href":"https:\/\/haberbesiktas.tr\/index.php?rest_route=\/wp\/v2\/users\/1"}],"replies":[{"embeddable":true,"href":"https:\/\/haberbesiktas.tr\/index.php?rest_route=%2Fwp%2Fv2%2Fcomments&post=30732"}],"version-history":[{"count":1,"href":"https:\/\/haberbesiktas.tr\/index.php?rest_route=\/wp\/v2\/posts\/30732\/revisions"}],"predecessor-version":[{"id":30734,"href":"https:\/\/haberbesiktas.tr\/index.php?rest_route=\/wp\/v2\/posts\/30732\/revisions\/30734"}],"wp:featuredmedia":[{"embeddable":true,"href":"https:\/\/haberbesiktas.tr\/index.php?rest_route=\/wp\/v2\/media\/30733"}],"wp:attachment":[{"href":"https:\/\/haberbesiktas.tr\/index.php?rest_route=%2Fwp%2Fv2%2Fmedia&parent=30732"}],"wp:term":[{"taxonomy":"category","embeddable":true,"href":"https:\/\/haberbesiktas.tr\/index.php?rest_route=%2Fwp%2Fv2%2Fcategories&post=30732"},{"taxonomy":"post_tag","embeddable":true,"href":"https:\/\/haberbesiktas.tr\/index.php?rest_route=%2Fwp%2Fv2%2Ftags&post=30732"}],"curies":[{"name":"wp","href":"https:\/\/api.w.org\/{rel}","templated":true}]}}