{"id":30735,"date":"2025-05-15T21:24:20","date_gmt":"2025-05-15T21:24:20","guid":{"rendered":"https:\/\/haberbesiktas.tr\/?p=30735"},"modified":"2025-05-15T21:24:20","modified_gmt":"2025-05-15T21:24:20","slug":"real-betis-gerilerden-gelip-kazanmasini-bildi","status":"publish","type":"post","link":"https:\/\/haberbesiktas.tr\/?p=30735","title":{"rendered":"Real Betis, gerilerden gelip kazanmas\u0131n\u0131 bildi!"},"content":{"rendered":"<div>\u0130spanya La Liga&#8217;n\u0131n 28.hafta ma\u00e7\u0131nda Real Betis, Leganes&#8217;e konuk oldu.<\/p>\n<p>Municipal de Butarque Stadyumu&#8217;nda oynanan \u00e7abay\u0131 konuk tak\u0131m Real Betis, birinci yar\u0131 2-0 geride b\u0131rakt\u0131\u011f\u0131 m\u00fcsabakay\u0131 3-2&#8217;lik skorla kazand\u0131.<\/p>\n<p>Real Betis&#8217;e galibiyeti getiren golleri 64. dakikada penalt\u0131dan<strong> Isco<\/strong>, 78. dakikada <strong>Cedric Bakambu<\/strong> ve 82. dakikada <strong>Juan Hernandez<\/strong> kaydetti.<\/p>\n<p>Leganes&#8217;in gollerini ise 29 ve 44. dakikalarda <strong>Daniel Raba<\/strong> att\u0131.<\/p>\n<p>Bu galibiyetin akabinde Real Betis puan\u0131n\u0131 44&#8217;e y\u00fckseltti. Leganes, 27 puanda kald\u0131.<\/p>\n<p>\u0130spanya La Liga&#8217;n\u0131n gelecek haftas\u0131nda Real Betis, Sevilla&#8217;y\u0131 konuk edecek. Leganes, Real Madrid deplasman\u0131na gidecek.<\/p><\/div>\n<p><\/p>\n","protected":false},"excerpt":{"rendered":"<p>\u0130spanya La Liga&#8217;n\u0131n 28.hafta ma\u00e7\u0131nda Real Betis, deplasmanda Leganes&#8217;i 3-2 ma\u011flup etti.<\/p>\n","protected":false},"author":1,"featured_media":30736,"comment_status":"open","ping_status":"open","sticky":false,"template":"","format":"standard","meta":{"footnotes":""},"categories":[25],"tags":[2253],"class_list":["post-30735","post","type-post","status-publish","format-standard","has-post-thumbnail","hentry","category-futbol","tag-real-betis"],"_links":{"self":[{"href":"https:\/\/haberbesiktas.tr\/index.php?rest_route=\/wp\/v2\/posts\/30735","targetHints":{"allow":["GET"]}}],"collection":[{"href":"https:\/\/haberbesiktas.tr\/index.php?rest_route=\/wp\/v2\/posts"}],"about":[{"href":"https:\/\/haberbesiktas.tr\/index.php?rest_route=\/wp\/v2\/types\/post"}],"author":[{"embeddable":true,"href":"https:\/\/haberbesiktas.tr\/index.php?rest_route=\/wp\/v2\/users\/1"}],"replies":[{"embeddable":true,"href":"https:\/\/haberbesiktas.tr\/index.php?rest_route=%2Fwp%2Fv2%2Fcomments&post=30735"}],"version-history":[{"count":1,"href":"https:\/\/haberbesiktas.tr\/index.php?rest_route=\/wp\/v2\/posts\/30735\/revisions"}],"predecessor-version":[{"id":30737,"href":"https:\/\/haberbesiktas.tr\/index.php?rest_route=\/wp\/v2\/posts\/30735\/revisions\/30737"}],"wp:featuredmedia":[{"embeddable":true,"href":"https:\/\/haberbesiktas.tr\/index.php?rest_route=\/wp\/v2\/media\/30736"}],"wp:attachment":[{"href":"https:\/\/haberbesiktas.tr\/index.php?rest_route=%2Fwp%2Fv2%2Fmedia&parent=30735"}],"wp:term":[{"taxonomy":"category","embeddable":true,"href":"https:\/\/haberbesiktas.tr\/index.php?rest_route=%2Fwp%2Fv2%2Fcategories&post=30735"},{"taxonomy":"post_tag","embeddable":true,"href":"https:\/\/haberbesiktas.tr\/index.php?rest_route=%2Fwp%2Fv2%2Ftags&post=30735"}],"curies":[{"name":"wp","href":"https:\/\/api.w.org\/{rel}","templated":true}]}}