{"id":30786,"date":"2025-05-16T00:36:16","date_gmt":"2025-05-16T00:36:16","guid":{"rendered":"https:\/\/haberbesiktas.tr\/?p=30786"},"modified":"2025-05-16T00:36:16","modified_gmt":"2025-05-16T00:36:16","slug":"fenerbahcede-livakovic-geri-dondu","status":"publish","type":"post","link":"https:\/\/haberbesiktas.tr\/?p=30786","title":{"rendered":"Fenerbah\u00e7e&#8217;de Livakovic geri d\u00f6nd\u00fc!"},"content":{"rendered":"<div>Fenerbah\u00e7e&#8217;de sakatl\u0131\u011f\u0131n\u0131 atlatan Dominik Livakovic, Samsunspor ma\u00e7\u0131nda birinci 11&#8217;de yer ald\u0131.<\/p>\n<p> H\u0131rvat file bek\u00e7isi, Samsunspor ma\u00e7\u0131ndan evvel son olarak Konyaspor ma\u00e7\u0131nda vazife yapm\u0131\u015ft\u0131. Livakovic, 62 g\u00fcn sonra birinci 11&#8217;e geri d\u00f6nd\u00fc.<\/p>\n<p> <strong>Fenerbah\u00e7e&#8217;nin Samsunspor ma\u00e7\u0131 birinci 11&#8217;i \u015fu formda:<\/p>\n<p><img decoding=\"async\" src=\"https:\/\/haberbesiktas.tr\/wp-content\/uploads\/2025\/05\/fenerbahcede-livakovic-geri-dondu-0-b4BCREFs.jpg\"\/><br \/><\/strong><\/p>\n<\/div>\n<p><\/p>\n","protected":false},"excerpt":{"rendered":"<p>Fenerbah\u00e7e&#8217;de Dominik Livakovic, 62 g\u00fcn sonra birinci 11&#8217;de yer ald\u0131.<\/p>\n","protected":false},"author":1,"featured_media":30787,"comment_status":"open","ping_status":"open","sticky":false,"template":"","format":"standard","meta":{"footnotes":""},"categories":[25],"tags":[],"class_list":["post-30786","post","type-post","status-publish","format-standard","has-post-thumbnail","hentry","category-futbol"],"_links":{"self":[{"href":"https:\/\/haberbesiktas.tr\/index.php?rest_route=\/wp\/v2\/posts\/30786","targetHints":{"allow":["GET"]}}],"collection":[{"href":"https:\/\/haberbesiktas.tr\/index.php?rest_route=\/wp\/v2\/posts"}],"about":[{"href":"https:\/\/haberbesiktas.tr\/index.php?rest_route=\/wp\/v2\/types\/post"}],"author":[{"embeddable":true,"href":"https:\/\/haberbesiktas.tr\/index.php?rest_route=\/wp\/v2\/users\/1"}],"replies":[{"embeddable":true,"href":"https:\/\/haberbesiktas.tr\/index.php?rest_route=%2Fwp%2Fv2%2Fcomments&post=30786"}],"version-history":[{"count":1,"href":"https:\/\/haberbesiktas.tr\/index.php?rest_route=\/wp\/v2\/posts\/30786\/revisions"}],"predecessor-version":[{"id":30789,"href":"https:\/\/haberbesiktas.tr\/index.php?rest_route=\/wp\/v2\/posts\/30786\/revisions\/30789"}],"wp:featuredmedia":[{"embeddable":true,"href":"https:\/\/haberbesiktas.tr\/index.php?rest_route=\/wp\/v2\/media\/30787"}],"wp:attachment":[{"href":"https:\/\/haberbesiktas.tr\/index.php?rest_route=%2Fwp%2Fv2%2Fmedia&parent=30786"}],"wp:term":[{"taxonomy":"category","embeddable":true,"href":"https:\/\/haberbesiktas.tr\/index.php?rest_route=%2Fwp%2Fv2%2Fcategories&post=30786"},{"taxonomy":"post_tag","embeddable":true,"href":"https:\/\/haberbesiktas.tr\/index.php?rest_route=%2Fwp%2Fv2%2Ftags&post=30786"}],"curies":[{"name":"wp","href":"https:\/\/api.w.org\/{rel}","templated":true}]}}