{"id":30790,"date":"2025-05-16T00:48:15","date_gmt":"2025-05-16T00:48:15","guid":{"rendered":"https:\/\/haberbesiktas.tr\/?p=30790"},"modified":"2025-05-16T00:48:15","modified_gmt":"2025-05-16T00:48:15","slug":"murat-sahin-yarisin-icine-girebilecegimizi-gosterdik","status":"publish","type":"post","link":"https:\/\/haberbesiktas.tr\/?p=30790","title":{"rendered":"Murat \u015eahin: &#8220;Yar\u0131\u015f\u0131n i\u00e7ine girebilece\u011fimizi g\u00f6sterdik&#8221;"},"content":{"rendered":"<div>\n<p>Trendyol Harika Lig&#8217;in 28. haftas\u0131nda alan\u0131nda Net K\u00fcresel Sivasspor&#8217;u 3-2 yenen Ataka\u015f Hatayspor&#8217;un teknik y\u00f6neticisi Murat \u015eahin, kalan haftalarda daha uygununu yapmaya \u00e7al\u0131\u015facaklar\u0131n\u0131 ve buna hem oyuncu k\u00fcmesinin hem de kendilerinin inand\u0131\u011f\u0131n\u0131 s\u00f6yledi.<\/p>\n<p> \u015eahin, Mersin Stad\u0131&#8217;ndaki ma\u00e7\u0131n akabinde d\u00fczenlenen bas\u0131n toplant\u0131s\u0131nda, m\u00fcsabakadan galibiyetle ayr\u0131lan oyuncular\u0131n\u0131 tebrik etti.\u00a0<\/p>\n<p> Ma\u00e7a istedikleri \u00fczere ba\u015flayamad\u0131klar\u0131n\u0131 lisana getiren \u015eahin, Sivasspor ma\u00e7\u0131n\u0131 final olarak g\u00f6rd\u00fcklerini kaydetti. Bu ma\u00e7\u0131n devam etmeleri a\u00e7\u0131s\u0131ndan &#8220;olmazsa olmaz&#8221; ma\u00e7lardan oldu\u011funa dikkati \u00e7eken \u015eahin, \u015f\u00f6yle devam etti:<\/p>\n<p> <strong>&#8220;\u00d6zellikle son 4 haftada 3 galibiyet alarak bu yar\u0131\u015f\u0131n i\u00e7ine girebilece\u011fimizi g\u00f6sterdi\u011fimizi d\u00fc\u015f\u00fcn\u00fcyorum. Bu hesaplar\u0131 yapabilmemiz i\u00e7in daha fazlas\u0131n\u0131 ba\u015farmam\u0131z ve yapmam\u0131z gerekiyor. Oyuncu k\u00fcmemle konu\u015furken de bu mevzuda onlar\u0131 ikna etmeye \u00e7al\u0131\u015f\u0131yoruz ki ikna olduklar\u0131n\u0131 d\u00fc\u015f\u00fcn\u00fcyorum. Ellerinden geldi\u011fince saha i\u00e7erisinde u\u011fra\u015flar\u0131n\u0131 \u00e7ok g\u00fczel g\u00f6steriyorlar. Bundan sonras\u0131 i\u00e7in daha uygununu yapmaya \u00e7al\u0131\u015faca\u011f\u0131z. Oyuncu grubum ve bizler buna inan\u0131yoruz.&#8221;<\/strong><\/p>\n<\/div>\n<p><\/p>\n","protected":false},"excerpt":{"rendered":"<p>Ataka\u015f Hatayspor Teknik Y\u00f6neticisi Murat \u015eahin, Sivasspor ma\u00e7\u0131n\u0131n akabinde a\u00e7\u0131klamalarda bulundu.<\/p>\n","protected":false},"author":1,"featured_media":30791,"comment_status":"open","ping_status":"open","sticky":false,"template":"","format":"standard","meta":{"footnotes":""},"categories":[25],"tags":[],"class_list":["post-30790","post","type-post","status-publish","format-standard","has-post-thumbnail","hentry","category-futbol"],"_links":{"self":[{"href":"https:\/\/haberbesiktas.tr\/index.php?rest_route=\/wp\/v2\/posts\/30790","targetHints":{"allow":["GET"]}}],"collection":[{"href":"https:\/\/haberbesiktas.tr\/index.php?rest_route=\/wp\/v2\/posts"}],"about":[{"href":"https:\/\/haberbesiktas.tr\/index.php?rest_route=\/wp\/v2\/types\/post"}],"author":[{"embeddable":true,"href":"https:\/\/haberbesiktas.tr\/index.php?rest_route=\/wp\/v2\/users\/1"}],"replies":[{"embeddable":true,"href":"https:\/\/haberbesiktas.tr\/index.php?rest_route=%2Fwp%2Fv2%2Fcomments&post=30790"}],"version-history":[{"count":1,"href":"https:\/\/haberbesiktas.tr\/index.php?rest_route=\/wp\/v2\/posts\/30790\/revisions"}],"predecessor-version":[{"id":30792,"href":"https:\/\/haberbesiktas.tr\/index.php?rest_route=\/wp\/v2\/posts\/30790\/revisions\/30792"}],"wp:featuredmedia":[{"embeddable":true,"href":"https:\/\/haberbesiktas.tr\/index.php?rest_route=\/wp\/v2\/media\/30791"}],"wp:attachment":[{"href":"https:\/\/haberbesiktas.tr\/index.php?rest_route=%2Fwp%2Fv2%2Fmedia&parent=30790"}],"wp:term":[{"taxonomy":"category","embeddable":true,"href":"https:\/\/haberbesiktas.tr\/index.php?rest_route=%2Fwp%2Fv2%2Fcategories&post=30790"},{"taxonomy":"post_tag","embeddable":true,"href":"https:\/\/haberbesiktas.tr\/index.php?rest_route=%2Fwp%2Fv2%2Ftags&post=30790"}],"curies":[{"name":"wp","href":"https:\/\/api.w.org\/{rel}","templated":true}]}}